{"id":2759,"date":"2019-08-01T01:20:36","date_gmt":"2019-07-31T23:20:36","guid":{"rendered":"https:\/\/ecobrumi.fr\/?p=2759"},"modified":"2019-08-01T01:20:36","modified_gmt":"2019-07-31T23:20:36","slug":"quels-sont-mes-droits-au-travail-et-dans-les-transports-en-commun-par-temps-chaud","status":"publish","type":"post","link":"https:\/\/ecobrumi.fr\/?p=2759","title":{"rendered":"Quels sont mes droits au travail et dans les transports en commun par temps chaud?"},"content":{"rendered":"<p><\/p>\n<div>\n<p class=\"article__content article__content--intro\">Travailler loin dans des bureaux \u00e9touffants ou dans les transports en commun \u00e9touffants peut laisser beaucoup de gens se demander quand il fait officiellement trop chaud pour travailler.<\/p>\n<p>Alors que les Britanniques sont sur le point de profiter d&#39;une longue vague de chaleur atteignant les 28 \u00b0 C aujourd&#39;hui, voici notre guide sur vos droits sur le lieu de travail et dans les transports en commun.<\/p>\n<figure class=\"article__media\">\n<div class=\"article__media-img-container open-gallery\" data-index=\"462146\">\n<p><span class=\"article__gallery-count-value\">2<\/span><\/p>\n<\/div><figcaption class=\"article__media-caption\"><span class=\"article__media-span\">    Les employeurs ont le devoir de garantir des conditions de travail confortables<\/span><span class=\"article__credit\">Cr\u00e9dit: Getty Images<\/span><\/figcaption><\/figure>\n<h2>Pouvez-vous rentrer du travail si votre bureau est trop chaud?<\/h2>\n<p>Il n\u2019existe actuellement aucune temp\u00e9rature maximale ou minimale d\u00e9finie l\u00e9galement pour les bureaux et autres lieux de travail.<\/p>\n<p>Les employeurs sont tenus de veiller \u00e0 ce que les conditions soient &quot;raisonnables&quot; &#8211; mais cela d\u00e9pend du type de travail.<\/p>\n<p>Les directives sugg\u00e8rent un minimum g\u00e9n\u00e9ral de 16C ou 13C pour les personnes effectuant un travail physique, comme dans une usine.<\/p>\n<p>Le Health and Safety Executive ajoute: &quot;On ne peut pas donner de chiffre significatif en raison des temp\u00e9ratures \u00e9lev\u00e9es qui r\u00e8gnent dans les verreries ou les fonderies, par exemple&quot;.<\/p>\n<p>Ceux qui travaillent dans des entrep\u00f4ts frigorifiques ou des boulangeries peuvent s&#39;attendre \u00e0 des temp\u00e9ratures extr\u00eames.<\/p>\n<p>Mais en g\u00e9n\u00e9ral, les employeurs ont le devoir de &quot;maintenir la temp\u00e9rature \u00e0 un niveau confortable&quot; et de fournir de l\u2019air pur et frais.<\/p>\n<figure class=\"article__media\">\n<div class=\"article__media-img-container open-gallery\" data-index=\"462147\"><img decoding=\"async\" alt=\"    Les syndicats ont demand\u00e9 qu&#39;il soit ill\u00e9gal de faire travailler le personnel si la temp\u00e9rature \u00e0 l&#39;int\u00e9rieur est sup\u00e9rieure \u00e0 30 \u00b0 C\" class=\"lazyload\" data-src=\"https:\/\/www.thesun.co.uk\/wp-content\/uploads\/2016\/07\/nintchdbpict000253165894.jpg\" data-credit=\"Getty Images\" data- data-img=\"https:\/\/www.thesun.co.uk\/wp-content\/uploads\/2016\/07\/nintchdbpict000253165894.jpg?strip=all&#038;w=960\" data- src=\"data:image\/svg+xml,%3Csvg xmlns=\"http:\/\/www.w3.org\/2000\/svg\" viewBox=\"0 0 1.5 1\"%3E%3C\/svg%3E\"\/><\/p>\n<p><span class=\"article__gallery-count-value\">2<\/span><\/p>\n<\/div><figcaption class=\"article__media-caption\"><span class=\"article__media-span\">    Les syndicats ont demand\u00e9 qu&#39;il soit ill\u00e9gal de faire travailler le personnel si la temp\u00e9rature \u00e0 l&#39;int\u00e9rieur est sup\u00e9rieure \u00e0 30 \u00b0 C<\/span><span class=\"article__credit\">Cr\u00e9dit: Getty Images<\/span><\/figcaption><\/figure>\n<h2>Quelles sont les recommandations de temp\u00e9rature?<\/h2>\n<p>L&#39;alerte de niveau 3 ou orange est en vigueur jusqu&#39;\u00e0 09h00 BST le vendredi 27 juillet pour une grande partie de l&#39;est et du sud-est de l&#39;Angleterre. Les gens sont invit\u00e9s \u00e0 rester hors du soleil.<\/p>\n<p>Et les employeurs doivent r\u00e9pondre \u00e0 la question \u00abL\u2019atmosph\u00e8re de travail est-elle chaude?\u00bb.<\/p>\n<p>Le Chartered Institute of Building Services Engineers recommande les temp\u00e9ratures suivantes pour diff\u00e9rentes zones de travail:<br \/>\u2022 Travail lourd dans les usines: 13 \u00b0 C<br \/>\u2022 Travaux l\u00e9gers dans les usines: 16 \u00b0 C<br \/>\u2022 H\u00f4pitaux et magasins: 18 \u00b0 C<br \/>\u2022 Bureaux et salles \u00e0 manger: 20 \u00b0 C<\/p>\n<h2>Quels sont mes droits s&#39;il fait trop chaud au bureau?<\/h2>\n<p>Les patrons doivent s&#39;assurer que leurs travailleurs ont acc\u00e8s \u00e0 l&#39;eau et surveiller leur bien-\u00eatre par temps chaud, conform\u00e9ment aux directives HSE.<\/p>\n<p>Si vous \u00eates une employ\u00e9e vuln\u00e9rable &#8211; par exemple enceinte ou m\u00e9nopaus\u00e9e, ou si vous devez porter un \u00e9quipement de protection pour ne pas pouvoir enlever les couches &#8211; vous devez en tenir compte.<\/p>\n<p>Le HSE d\u00e9clare: \u00abSi un nombre significatif d\u2019employ\u00e9s se plaignent d\u2019un malaise thermique, votre employeur doit proc\u00e9der \u00e0 une \u00e9valuation des risques et prendre des mesures en fonction des r\u00e9sultats.\u00bb<\/p>\n<p>Donc, si vous \u00eates mal \u00e0 l&#39;aise, informez-en votre chef et si suffisamment de personnes se plaignent, elles doivent agir, m\u00eame si cela ne signifie pas n\u00e9cessairement que vous pouvez rentrer chez vous.<\/p>\n<p>Le TUC veut rendre ill\u00e9gal le maintien des personnes au travail \u00e0 l&#39;int\u00e9rieur si la temp\u00e9rature est sup\u00e9rieure \u00e0 30 \u00b0 C.<\/p>\n<p>Il souhaite \u00e9galement que les patrons fournissent des boissons fra\u00eeches et des ventilateurs et assouplissent les codes vestimentaires par temps chaud.<\/p>\n<p>Il a d\u00e9clar\u00e9: \u00abLorsque le lieu de travail devient trop chaud, le probl\u00e8me ne se r\u00e9sume pas au confort. Cela peut \u00e9galement devenir un probl\u00e8me de sant\u00e9 et de s\u00e9curit\u00e9.<\/p>\n<p>&quot;Si les gens deviennent trop chauds, ils risquent des vertiges, des \u00e9vanouissements ou m\u00eame des crampes de chaleur.&quot;<\/p>\n<h2>Quels sont mes droits sur les transports en commun?<\/h2>\n<p>Il n&#39;y a pas une seule r\u00e8gle pour tous les transports publics &#8211; les entreprises ont leurs propres r\u00e8gles sur ce qu&#39;il faut faire pendant le chauffage. Par cons\u00e9quent, en cas de probl\u00e8me, vous devez les aborder directement.<\/p>\n<p>En 2018, les Londoniens se sont plaints de temp\u00e9ratures insupportables pouvant atteindre 42 \u00b0 C sur le tube, ce qui est sup\u00e9rieur \u00e0 la limite l\u00e9gale de transport de b\u00e9tail.<\/p>\n<p>Transport for London a d\u00e9clar\u00e9: \u00abNous comprenons que voyager peut \u00eatre inconfortable.<\/p>\n<p>&quot;Des trains climatis\u00e9s desservent 40% du r\u00e9seau.<\/p>\n<p>&quot;Les clients doivent s&#39;assurer qu&#39;ils ont de l&#39;eau avec eux et contacter un membre du personnel s&#39;ils se sentent malades.&quot;<\/p>\n<p>Transport for London a \u00e9galement assur\u00e9 aux navetteurs, que tous les tubes seront climatis\u00e9s d\u2019ici 2030.<\/p>\n<p>La canicule pourrait toucher les services ferroviaires &#8211; l&#39;\u00e9t\u00e9 dernier, Trainslink Rail a annul\u00e9 ses services en Irlande du Nord apr\u00e8s que les rails aient atteint une temp\u00e9rature de pr\u00e8s de 50 \u00b0 C.<\/p>\n<div class=\"sun-row \">\n<div class=\"col sun-col-6\">\n<div class=\"rail rail--classic rail--trending undefined theme-money\" data-slide-count=\"4\" data-slide-count-tablet=\"4\">\n<div class=\"swiper-container lazyload\">\n<div class=\"swiper-wrapper\">\n<div class=\"rail__item swiper-slide\">\n<div class=\"rail__item-image\">\n<div class=\"teaser__image-container\"><picture><source media=\"(max-width: 680px)\" data-  \/><source data-  \/><img loading=\"lazy\" decoding=\"async\" width=\"150\" height=\"96\" class=\"lazyload\" alt=\"\" src=\"data:image\/gif;base64,R0lGODlhAQABAAAAACH5BAEKAAEALAAAAAABAAEAAAICTAEAOw==\" data-src=\"https:\/\/ecobrumi.fr\/wp-content\/uploads\/2019\/08\/Quels-sont-mes-droits-au-travail-et-dans-les-transports.jpg\"\/><\/picture><\/div>\n<\/div>\n<p><h3 class=\"rail__item-headline t-p-color\">RUSH D&#39;INONDATION<\/h3>\n<p><span class=\"rail__item-sub\">    Attention, le Royaume-Uni est confront\u00e9 \u00e0 un chaos de voyages avec des temp\u00eates apportant 2 \u00b0 de pluie en quelques heures <\/span><\/p>\n<\/div>\n<div class=\"rail__item swiper-slide\">\n<div class=\"rail__item-image\">\n<div class=\"teaser__image-container\"><a href=\"http:\/\/www.thesun.co.uk\/news\/9622187\/army-bridge-collapse-rain-flooding-warning-met-office\/\"><picture><source media=\"(max-width: 680px)\" data-  \/><source data-  \/><img loading=\"lazy\" decoding=\"async\" width=\"150\" height=\"96\" class=\"lazyload\" alt=\"\" src=\"data:image\/gif;base64,R0lGODlhAQABAAAAACH5BAEKAAEALAAAAAABAAEAAAICTAEAOw==\" data-src=\"https:\/\/ecobrumi.fr\/wp-content\/uploads\/2019\/08\/1564615236_82_Quels-sont-mes-droits-au-travail-et-dans-les-transports.jpg\"\/><\/picture><\/div>\n<\/div>\n<p><h3 class=\"rail__item-headline t-p-color\">GUERRE DES TUYAUX<\/h3>\n<p><span class=\"rail__item-sub\">    L&#39;arm\u00e9e a appel\u00e9 alors que le pont s&#39;effondrait, les routes s&#39;effondraient et les maisons ruin\u00e9es par les inondations <\/span><\/p>\n<\/div>\n<div class=\"rail__item swiper-slide\">\n<div class=\"rail__item-image\">\n<div class=\"teaser__image-container\"><a href=\"http:\/\/www.thesun.co.uk\/news\/9614457\/uk-weather-forecast-rain-hail-floods-warning-met\/\"><picture><source media=\"(max-width: 680px)\" data-  \/><source data-  \/><img loading=\"lazy\" decoding=\"async\" width=\"150\" height=\"96\" class=\"lazyload\" alt=\"\" src=\"data:image\/gif;base64,R0lGODlhAQABAAAAACH5BAEKAAEALAAAAAABAAEAAAICTAEAOw==\" data-src=\"https:\/\/ecobrumi.fr\/wp-content\/uploads\/2019\/08\/1564615236_234_Quels-sont-mes-droits-au-travail-et-dans-les-transports.jpg\"\/><\/picture><\/div>\n<\/div>\n<p><h3 class=\"rail__item-headline t-p-color\">Mouill\u00e9 mouill\u00e9 mouill\u00e9<\/h3>\n<p><span class=\"rail__item-sub\">    Quinze semaines de pluie tombera dans trois heures \u00e0 cause de la gr\u00eale et des inondations au Royaume-Uni <\/span><\/p>\n<\/div>\n<div class=\"rail__item swiper-slide\">\n<div class=\"rail__item-image\">\n<div class=\"teaser__image-container\"><a href=\"http:\/\/www.thesun.co.uk\/news\/9608390\/uk-weather-forecast-met-office-thunderstorm-flood-warning\/\"><picture><source media=\"(max-width: 680px)\" data-  \/><source data-  \/><img loading=\"lazy\" decoding=\"async\" width=\"150\" height=\"96\" class=\"lazyload\" alt=\"\" src=\"data:image\/gif;base64,R0lGODlhAQABAAAAACH5BAEKAAEALAAAAAABAAEAAAICTAEAOw==\" data-src=\"https:\/\/ecobrumi.fr\/wp-content\/uploads\/2019\/08\/1564615236_477_Quels-sont-mes-droits-au-travail-et-dans-les-transports.jpg\"\/><\/picture><\/div>\n<\/div>\n<p><h3 class=\"rail__item-headline t-p-color\">ORAGE PARFAIT<\/h3>\n<p><span class=\"rail__item-sub\">    Des orages plus intenses pour faire face aux inondations, aux pannes de courant et au chaos des voyages <\/span><\/p>\n<\/div>\n<div class=\"rail__item swiper-slide\">\n<div class=\"rail__item-image\">\n<div class=\"teaser__image-container\"><a href=\"http:\/\/www.thesun.co.uk\/news\/6797896\/hosepipe-ban-uk-rules-fine\/\"><picture><source media=\"(max-width: 680px)\" data-  \/><source data-  \/><img loading=\"lazy\" decoding=\"async\" width=\"150\" height=\"96\" class=\"lazyload\" alt=\"\" src=\"data:image\/gif;base64,R0lGODlhAQABAAAAACH5BAEKAAEALAAAAAABAAEAAAICTAEAOw==\" data-src=\"https:\/\/ecobrumi.fr\/wp-content\/uploads\/2019\/08\/1564615236_222_Quels-sont-mes-droits-au-travail-et-dans-les-transports.jpg\"\/><\/picture><\/div>\n<\/div>\n<p><h3 class=\"rail__item-headline t-p-color\">HAUT ET SEC<\/h3>\n<p><span class=\"rail__item-sub\">    En quoi consiste l&#39;utilisation d&#39;un tuyau d&#39;arrosage &#8211; et comment signalez-vous vos voisins? <\/span><\/p>\n<\/div>\n<div class=\"rail__item swiper-slide\">\n<div class=\"rail__item-image\">\n<div class=\"teaser__image-container\"><a href=\"http:\/\/www.thesun.co.uk\/news\/6624304\/hosepipe-ban-uk-affected-areas\/\"><picture><source media=\"(max-width: 680px)\" data-  \/><source data-  \/><img loading=\"lazy\" decoding=\"async\" width=\"150\" height=\"96\" class=\"lazyload\" alt=\"\" src=\"data:image\/gif;base64,R0lGODlhAQABAAAAACH5BAEKAAEALAAAAAABAAEAAAICTAEAOw==\" data-src=\"https:\/\/ecobrumi.fr\/wp-content\/uploads\/2019\/08\/Quels-sont-mes-droits-au-travail-et-dans-les-transports.png\"\/><\/picture><\/div>\n<\/div>\n<p><h3 class=\"rail__item-headline t-p-color\">DESS\u00c8CHEMENT<\/h3>\n<p><span class=\"rail__item-sub\">    Interdiction des tuyaux d&#39;arrosage en 2019 &#8211; existe-t-il une interdiction au Royaume-Uni et quelles sont les r\u00e8gles? <\/span><\/p>\n<p><a href=\"http:\/\/www.thesun.co.uk\/news\/6624304\/hosepipe-ban-uk-affected-areas\/\" class=\"rail__item-anchor\"\/><\/div>\n<\/div>\n<\/div>\n<\/div>\n<\/div>\n<\/div>\n<p>\u00c0 Carlisle, les trains se sont immobilis\u00e9s et les liaisons entre London Waterloo et New Malden ont \u00e9t\u00e9 retard\u00e9es par des restrictions de vitesse.<\/p>\n<p>Et dans les bus, des gritters ont \u00e9t\u00e9 d\u00e9ploy\u00e9s sur les routes britanniques afin de cr\u00e9er une couche antiadh\u00e9sive entre la surface et les pneus apr\u00e8s que la temp\u00e9rature de l&#39;air ait fait si chaud qu&#39;ils ont fait fondre les routes.<\/p>\n<p>Il est toujours recommand\u00e9 d&#39;apporter une bouteille d&#39;eau avec vous si vous voyagez \u00e0 la chaleur et, si possible, de porter des v\u00eatements amples et frais.<\/p>\n<p>Voici quelques conseils pour rester au frais, depuis la fabrication d&#39;un \u00ab\u00e9ventail de glace\u00bb au port de coton et en \u00e9vitant les gros repas.<\/p>\n<\/div>\n<p><script>\n      !function(f,b,e,v,n,t,s){if(f.fbq)return;n=f.fbq=function(){n.callMethod?\n        n.callMethod.apply(n,arguments):n.queue.push(arguments)};if(!f._fbq)f._fbq=n;\n        n.push=n;n.loaded=!0;n.version='2.0';n.queue=();t=b.createElement(e);t.async=!0;\n        t.src=v;s=b.getElementsByTagName(e)(0);s.parentNode.insertBefore(t,s)}(window,\n        document,'script','https:\/\/connect.facebook.net\/en_US\/fbevents.js');\n      fbq('init', '752905198150451');\n      fbq('track', \"PageView\");\n    <\/script><\/pre>\n","protected":false},"excerpt":{"rendered":"<div class=\"mh-excerpt\"><p>Travailler loin dans des bureaux \u00e9touffants ou dans les transports en commun \u00e9touffants peut laisser beaucoup de gens se demander quand il fait officiellement trop <a class=\"mh-excerpt-more\" href=\"https:\/\/ecobrumi.fr\/?p=2759\" title=\"Quels sont mes droits au travail et dans les transports en commun par temps chaud?\">[&#8230;]<\/a><\/p>\n<\/div>","protected":false},"author":1,"featured_media":2760,"comment_status":"closed","ping_status":"closed","sticky":false,"template":"","format":"standard","meta":{"footnotes":""},"categories":[1],"tags":[],"class_list":["post-2759","post","type-post","status-publish","format-standard","has-post-thumbnail","hentry","category-non-classe"],"yoast_head":"<!-- This site is optimized with the Yoast SEO plugin v28.4 - https:\/\/yoast.com\/product\/yoast-seo-wordpress\/ -->\n<title>Quels sont mes droits au travail et dans les transports en commun par temps chaud? - Ecobrumi<\/title>\n<meta name=\"robots\" content=\"index, follow, max-snippet:-1, max-image-preview:large, max-video-preview:-1\" \/>\n<link rel=\"canonical\" href=\"https:\/\/ecobrumi.fr\/?p=2759\" \/>\n<meta property=\"og:locale\" content=\"fr_FR\" \/>\n<meta property=\"og:type\" content=\"article\" \/>\n<meta property=\"og:title\" content=\"Quels sont mes droits au travail et dans les transports en commun par temps chaud? - Ecobrumi\" \/>\n<meta property=\"og:description\" content=\"Travailler loin dans des bureaux \u00e9touffants ou dans les transports en commun \u00e9touffants peut laisser beaucoup de gens se demander quand il fait officiellement trop [...]\" \/>\n<meta property=\"og:url\" content=\"https:\/\/ecobrumi.fr\/?p=2759\" \/>\n<meta property=\"og:site_name\" content=\"Ecobrumi\" \/>\n<meta property=\"article:published_time\" content=\"2019-07-31T23:20:36+00:00\" \/>\n<meta property=\"og:image\" content=\"https:\/\/ecobrumi.fr\/wp-content\/uploads\/2019\/08\/Quels-sont-mes-droits-au-travail-et-dans-les-transports.jpg\" \/>\n\t<meta property=\"og:image:width\" content=\"300\" \/>\n\t<meta property=\"og:image:height\" content=\"192\" \/>\n\t<meta property=\"og:image:type\" content=\"image\/jpeg\" \/>\n<meta name=\"author\" content=\"Ecobrumi\" \/>\n<meta name=\"twitter:card\" content=\"summary_large_image\" \/>\n<meta name=\"twitter:label1\" content=\"\u00c9crit par\" \/>\n\t<meta name=\"twitter:data1\" content=\"Ecobrumi\" \/>\n\t<meta name=\"twitter:label2\" content=\"Dur\u00e9e de lecture estim\u00e9e\" \/>\n\t<meta name=\"twitter:data2\" content=\"5 minutes\" \/>\n<script type=\"application\/ld+json\" class=\"yoast-schema-graph\">{\"@context\":\"https:\\\/\\\/schema.org\",\"@graph\":[{\"@type\":\"Article\",\"@id\":\"https:\\\/\\\/ecobrumi.fr\\\/?p=2759#article\",\"isPartOf\":{\"@id\":\"https:\\\/\\\/ecobrumi.fr\\\/?p=2759\"},\"author\":{\"name\":\"Ecobrumi\",\"@id\":\"https:\\\/\\\/ecobrumi.fr\\\/#\\\/schema\\\/person\\\/6837dcc528e538cf37ba3880ad30252b\"},\"headline\":\"Quels sont mes droits au travail et dans les transports en commun par temps chaud?\",\"datePublished\":\"2019-07-31T23:20:36+00:00\",\"mainEntityOfPage\":{\"@id\":\"https:\\\/\\\/ecobrumi.fr\\\/?p=2759\"},\"wordCount\":1072,\"image\":{\"@id\":\"https:\\\/\\\/ecobrumi.fr\\\/?p=2759#primaryimage\"},\"thumbnailUrl\":\"https:\\\/\\\/ecobrumi.fr\\\/wp-content\\\/uploads\\\/2019\\\/08\\\/Quels-sont-mes-droits-au-travail-et-dans-les-transports.jpg\",\"inLanguage\":\"fr-FR\"},{\"@type\":\"WebPage\",\"@id\":\"https:\\\/\\\/ecobrumi.fr\\\/?p=2759\",\"url\":\"https:\\\/\\\/ecobrumi.fr\\\/?p=2759\",\"name\":\"Quels sont mes droits au travail et dans les transports en commun par temps chaud? - Ecobrumi\",\"isPartOf\":{\"@id\":\"https:\\\/\\\/ecobrumi.fr\\\/#website\"},\"primaryImageOfPage\":{\"@id\":\"https:\\\/\\\/ecobrumi.fr\\\/?p=2759#primaryimage\"},\"image\":{\"@id\":\"https:\\\/\\\/ecobrumi.fr\\\/?p=2759#primaryimage\"},\"thumbnailUrl\":\"https:\\\/\\\/ecobrumi.fr\\\/wp-content\\\/uploads\\\/2019\\\/08\\\/Quels-sont-mes-droits-au-travail-et-dans-les-transports.jpg\",\"datePublished\":\"2019-07-31T23:20:36+00:00\",\"author\":{\"@id\":\"https:\\\/\\\/ecobrumi.fr\\\/#\\\/schema\\\/person\\\/6837dcc528e538cf37ba3880ad30252b\"},\"inLanguage\":\"fr-FR\",\"potentialAction\":[{\"@type\":\"ReadAction\",\"target\":[\"https:\\\/\\\/ecobrumi.fr\\\/?p=2759\"]}]},{\"@type\":\"ImageObject\",\"inLanguage\":\"fr-FR\",\"@id\":\"https:\\\/\\\/ecobrumi.fr\\\/?p=2759#primaryimage\",\"url\":\"https:\\\/\\\/ecobrumi.fr\\\/wp-content\\\/uploads\\\/2019\\\/08\\\/Quels-sont-mes-droits-au-travail-et-dans-les-transports.jpg\",\"contentUrl\":\"https:\\\/\\\/ecobrumi.fr\\\/wp-content\\\/uploads\\\/2019\\\/08\\\/Quels-sont-mes-droits-au-travail-et-dans-les-transports.jpg\",\"width\":300,\"height\":192},{\"@type\":\"WebSite\",\"@id\":\"https:\\\/\\\/ecobrumi.fr\\\/#website\",\"url\":\"https:\\\/\\\/ecobrumi.fr\\\/\",\"name\":\"Ecobrumi\",\"description\":\"\",\"potentialAction\":[{\"@type\":\"SearchAction\",\"target\":{\"@type\":\"EntryPoint\",\"urlTemplate\":\"https:\\\/\\\/ecobrumi.fr\\\/?s={search_term_string}\"},\"query-input\":{\"@type\":\"PropertyValueSpecification\",\"valueRequired\":true,\"valueName\":\"search_term_string\"}}],\"inLanguage\":\"fr-FR\"},{\"@type\":\"Person\",\"@id\":\"https:\\\/\\\/ecobrumi.fr\\\/#\\\/schema\\\/person\\\/6837dcc528e538cf37ba3880ad30252b\",\"name\":\"Ecobrumi\",\"image\":{\"@type\":\"ImageObject\",\"inLanguage\":\"fr-FR\",\"@id\":\"https:\\\/\\\/secure.gravatar.com\\\/avatar\\\/c0ec8d6c4e60097aea4eb4371f86a4e2c87ccd706d05afb6224f73522aacf1c5?s=96&d=mm&r=g\",\"url\":\"https:\\\/\\\/secure.gravatar.com\\\/avatar\\\/c0ec8d6c4e60097aea4eb4371f86a4e2c87ccd706d05afb6224f73522aacf1c5?s=96&d=mm&r=g\",\"contentUrl\":\"https:\\\/\\\/secure.gravatar.com\\\/avatar\\\/c0ec8d6c4e60097aea4eb4371f86a4e2c87ccd706d05afb6224f73522aacf1c5?s=96&d=mm&r=g\",\"caption\":\"Ecobrumi\"}}]}<\/script>\n<!-- \/ Yoast SEO plugin. -->","yoast_head_json":{"title":"Quels sont mes droits au travail et dans les transports en commun par temps chaud? - Ecobrumi","robots":{"index":"index","follow":"follow","max-snippet":"max-snippet:-1","max-image-preview":"max-image-preview:large","max-video-preview":"max-video-preview:-1"},"canonical":"https:\/\/ecobrumi.fr\/?p=2759","og_locale":"fr_FR","og_type":"article","og_title":"Quels sont mes droits au travail et dans les transports en commun par temps chaud? - Ecobrumi","og_description":"Travailler loin dans des bureaux \u00e9touffants ou dans les transports en commun \u00e9touffants peut laisser beaucoup de gens se demander quand il fait officiellement trop [...]","og_url":"https:\/\/ecobrumi.fr\/?p=2759","og_site_name":"Ecobrumi","article_published_time":"2019-07-31T23:20:36+00:00","og_image":[{"width":300,"height":192,"url":"https:\/\/ecobrumi.fr\/wp-content\/uploads\/2019\/08\/Quels-sont-mes-droits-au-travail-et-dans-les-transports.jpg","type":"image\/jpeg"}],"author":"Ecobrumi","twitter_card":"summary_large_image","twitter_misc":{"\u00c9crit par":"Ecobrumi","Dur\u00e9e de lecture estim\u00e9e":"5 minutes"},"schema":{"@context":"https:\/\/schema.org","@graph":[{"@type":"Article","@id":"https:\/\/ecobrumi.fr\/?p=2759#article","isPartOf":{"@id":"https:\/\/ecobrumi.fr\/?p=2759"},"author":{"name":"Ecobrumi","@id":"https:\/\/ecobrumi.fr\/#\/schema\/person\/6837dcc528e538cf37ba3880ad30252b"},"headline":"Quels sont mes droits au travail et dans les transports en commun par temps chaud?","datePublished":"2019-07-31T23:20:36+00:00","mainEntityOfPage":{"@id":"https:\/\/ecobrumi.fr\/?p=2759"},"wordCount":1072,"image":{"@id":"https:\/\/ecobrumi.fr\/?p=2759#primaryimage"},"thumbnailUrl":"https:\/\/ecobrumi.fr\/wp-content\/uploads\/2019\/08\/Quels-sont-mes-droits-au-travail-et-dans-les-transports.jpg","inLanguage":"fr-FR"},{"@type":"WebPage","@id":"https:\/\/ecobrumi.fr\/?p=2759","url":"https:\/\/ecobrumi.fr\/?p=2759","name":"Quels sont mes droits au travail et dans les transports en commun par temps chaud? - Ecobrumi","isPartOf":{"@id":"https:\/\/ecobrumi.fr\/#website"},"primaryImageOfPage":{"@id":"https:\/\/ecobrumi.fr\/?p=2759#primaryimage"},"image":{"@id":"https:\/\/ecobrumi.fr\/?p=2759#primaryimage"},"thumbnailUrl":"https:\/\/ecobrumi.fr\/wp-content\/uploads\/2019\/08\/Quels-sont-mes-droits-au-travail-et-dans-les-transports.jpg","datePublished":"2019-07-31T23:20:36+00:00","author":{"@id":"https:\/\/ecobrumi.fr\/#\/schema\/person\/6837dcc528e538cf37ba3880ad30252b"},"inLanguage":"fr-FR","potentialAction":[{"@type":"ReadAction","target":["https:\/\/ecobrumi.fr\/?p=2759"]}]},{"@type":"ImageObject","inLanguage":"fr-FR","@id":"https:\/\/ecobrumi.fr\/?p=2759#primaryimage","url":"https:\/\/ecobrumi.fr\/wp-content\/uploads\/2019\/08\/Quels-sont-mes-droits-au-travail-et-dans-les-transports.jpg","contentUrl":"https:\/\/ecobrumi.fr\/wp-content\/uploads\/2019\/08\/Quels-sont-mes-droits-au-travail-et-dans-les-transports.jpg","width":300,"height":192},{"@type":"WebSite","@id":"https:\/\/ecobrumi.fr\/#website","url":"https:\/\/ecobrumi.fr\/","name":"Ecobrumi","description":"","potentialAction":[{"@type":"SearchAction","target":{"@type":"EntryPoint","urlTemplate":"https:\/\/ecobrumi.fr\/?s={search_term_string}"},"query-input":{"@type":"PropertyValueSpecification","valueRequired":true,"valueName":"search_term_string"}}],"inLanguage":"fr-FR"},{"@type":"Person","@id":"https:\/\/ecobrumi.fr\/#\/schema\/person\/6837dcc528e538cf37ba3880ad30252b","name":"Ecobrumi","image":{"@type":"ImageObject","inLanguage":"fr-FR","@id":"https:\/\/secure.gravatar.com\/avatar\/c0ec8d6c4e60097aea4eb4371f86a4e2c87ccd706d05afb6224f73522aacf1c5?s=96&d=mm&r=g","url":"https:\/\/secure.gravatar.com\/avatar\/c0ec8d6c4e60097aea4eb4371f86a4e2c87ccd706d05afb6224f73522aacf1c5?s=96&d=mm&r=g","contentUrl":"https:\/\/secure.gravatar.com\/avatar\/c0ec8d6c4e60097aea4eb4371f86a4e2c87ccd706d05afb6224f73522aacf1c5?s=96&d=mm&r=g","caption":"Ecobrumi"}}]}},"_links":{"self":[{"href":"https:\/\/ecobrumi.fr\/index.php?rest_route=\/wp\/v2\/posts\/2759","targetHints":{"allow":["GET"]}}],"collection":[{"href":"https:\/\/ecobrumi.fr\/index.php?rest_route=\/wp\/v2\/posts"}],"about":[{"href":"https:\/\/ecobrumi.fr\/index.php?rest_route=\/wp\/v2\/types\/post"}],"author":[{"embeddable":true,"href":"https:\/\/ecobrumi.fr\/index.php?rest_route=\/wp\/v2\/users\/1"}],"replies":[{"embeddable":true,"href":"https:\/\/ecobrumi.fr\/index.php?rest_route=%2Fwp%2Fv2%2Fcomments&post=2759"}],"version-history":[{"count":1,"href":"https:\/\/ecobrumi.fr\/index.php?rest_route=\/wp\/v2\/posts\/2759\/revisions"}],"predecessor-version":[{"id":2761,"href":"https:\/\/ecobrumi.fr\/index.php?rest_route=\/wp\/v2\/posts\/2759\/revisions\/2761"}],"wp:featuredmedia":[{"embeddable":true,"href":"https:\/\/ecobrumi.fr\/index.php?rest_route=\/wp\/v2\/media\/2760"}],"wp:attachment":[{"href":"https:\/\/ecobrumi.fr\/index.php?rest_route=%2Fwp%2Fv2%2Fmedia&parent=2759"}],"wp:term":[{"taxonomy":"category","embeddable":true,"href":"https:\/\/ecobrumi.fr\/index.php?rest_route=%2Fwp%2Fv2%2Fcategories&post=2759"},{"taxonomy":"post_tag","embeddable":true,"href":"https:\/\/ecobrumi.fr\/index.php?rest_route=%2Fwp%2Fv2%2Ftags&post=2759"}],"curies":[{"name":"wp","href":"https:\/\/api.w.org\/{rel}","templated":true}]}}