{"id":3422,"date":"2019-09-14T10:51:13","date_gmt":"2019-09-14T08:51:13","guid":{"rendered":"https:\/\/ecobrumi.fr\/?p=3422"},"modified":"2019-09-14T10:51:13","modified_gmt":"2019-09-14T08:51:13","slug":"devriez-vous-garder-les-fenetres-ouvertes-ou-fermees-pendant-la-canicule","status":"publish","type":"post","link":"https:\/\/ecobrumi.fr\/?p=3422","title":{"rendered":"Devriez-vous garder les fen\u00eatres ouvertes ou ferm\u00e9es pendant la canicule?"},"content":{"rendered":"<p><\/p>\n<div>\n<figure class=\"alignnone img-container shareable-item\" style=\"max-width:540px\">\n<div class=\"img-wrap\">\n<a id=\"share-item-0-459\" class=\"anchor\"\/>\n<\/div><figcaption>C\u2019est un butin absolu aujourd\u2019hui, mais est-il pr\u00e9f\u00e9rable de garder les fen\u00eatres ouvertes ou ferm\u00e9es? (Photo: PA)<\/figcaption><\/figure>\n<p>Il semble qu&#39;aujourd&#39;hui soit l&#39;un des jours les plus chauds jamais enregistr\u00e9s au Royaume-Uni, avec des temp\u00e9ratures allant vers 39 \u00b0 C.<\/p>\n<p>Ce matin, les temp\u00e9ratures \u00e9taient d\u00e9j\u00e0 sup\u00e9rieures \u00e0 30 \u00b0 C dans certaines r\u00e9gions du pays et ce chiffre augmente rapidement.<\/p>\n<p>Mais une chose que les gens se demandent est de savoir s\u2019ils doivent garder leurs fen\u00eatres ouvertes ou ferm\u00e9es pendant la chaleur intense.<\/p>\n<p>Vous pourriez penser que c\u2019est une bonne id\u00e9e d\u2019avoir la fen\u00eatre ouverte et de laisser entrer un peu d\u2019air frais.<\/p>\n<p>Mais en r\u00e9alit\u00e9, vous devriez absolument garder vos fen\u00eatres ferm\u00e9es et les stores dessin\u00e9s pendant la partie la plus chaude de la journ\u00e9e, selon le NHS.<\/p>\n<p>Voici une liste des meilleurs conseils pour faire face \u00e0 la canicule: \u00abFermez les fen\u00eatres et abaissez les stores quand il fait plus chaud \u00e0 l\u2019ext\u00e9rieur.<\/p>\n<p>&quot;Vous pouvez ouvrir les fen\u00eatres pour la ventilation quand il fait plus froid.&quot;<\/p>\n<p>Ouvrir les fen\u00eatres laisserait passer l\u2019air chaud et rendrait les choses encore plus inconfortables, vous ne voudriez donc pas le faire.<\/p>\n<figure class=\"aligncenter img-container shareable-item\" style=\"max-width:540px\">\n<div class=\"img-wrap\">\n<a id=\"share-item-0-240\" class=\"anchor\"\/><br \/>\n<img loading=\"lazy\" decoding=\"async\" data-orig-id=\"wp-image-10458149\" data-orig-w=\"\" data-orig-h=\"\" data-max-width=\"540\" width=\"540\" height=\"360\" data-rsz=\"shrink\" src=\"https:\/\/metro.co.uk\/wp-content\/themes\/metro-parent\/img\/fallback.png\" data-src=\"https:\/\/ecobrumi.fr\/wp-content\/uploads\/2019\/09\/1568451072_792_Devriez-vous-garder-les-fenetres-ouvertes-ou-fermees-pendant-la-canicule.jpg\" alt=\"Les navetteurs se rendent au travail \u00e0 travers le pont de Londres pendant que le soleil se refl\u00e8te sur le London Shard \u00e0 Londres, en Angleterre, le 3 ao\u00fbt 2018, par temps chaud et ensoleill\u00e9, alors que la vague de chaleur se poursuit dans la capitale et en Europe. (photo de Vickie Flores \/ Dans Images via Getty Images)\" class=\"size-large wp-image-10458149\"\/><\/div><figcaption>Est-il pr\u00e9f\u00e9rable d&#39;ouvrir vos fen\u00eatres ou de les garder ferm\u00e9es? (Photo: Getty)<\/figcaption><\/figure>\n<figure class=\"aligncenter img-container shareable-item\" style=\"max-width:540px\">\n<div class=\"img-wrap\">\n<a id=\"share-item-0-83\" class=\"anchor\"\/><br \/>\n<img loading=\"lazy\" decoding=\"async\" data-orig-id=\"wp-image-10458768\" data-orig-w=\"\" data-orig-h=\"\" data-max-width=\"540\" width=\"540\" height=\"383\" data-rsz=\"shrink\" src=\"https:\/\/metro.co.uk\/wp-content\/themes\/metro-parent\/img\/fallback.png\" data-src=\"https:\/\/ecobrumi.fr\/wp-content\/uploads\/2019\/09\/1568451072_969_Devriez-vous-garder-les-fenetres-ouvertes-ou-fermees-pendant-la-canicule.jpg\" alt=\"Obligatoire Cr\u00e9dit: Photo de Jack Dredd \/ REX (10345832d) Des Londoniens profitant du soleil dans les fontaines de Trafalgar Square. Climat saisonnier, London, UK - 23 juil. 2019\" class=\"size-large wp-image-10458768\"\/><\/div><figcaption>Des Londoniens profitant du soleil dans les fontaines de Trafalgar Square (photo: Rex)<\/figcaption><\/figure>\n<p>Lorsque les temp\u00e9ratures commencent \u00e0 se refroidir plus tard dans la journ\u00e9e, vous pouvez temporairement ouvrir vos fen\u00eatres et vos portes.<\/p>\n<p>Ceci est recommand\u00e9 juste avant d&#39;aller vous coucher et peut aider \u00e0 rafra\u00eechir la maison en permettant \u00e0 l&#39;air de la traverser.<\/p>\n<p>Garder les fen\u00eatres ouvertes la nuit peut \u00eatre un risque car les voleurs peuvent en profiter.<\/p>\n<p>Tom Vaughan, expert en assurance habitation chez Confused.com, a d\u00e9clar\u00e9: \u00abNous savons que les voleurs sont attir\u00e9s par les opportunit\u00e9s, alors nous devons faire particuli\u00e8rement attention en ouvrant les fen\u00eatres et les portes cet \u00e9t\u00e9.&quot;<\/p>\n<p>Il a ajout\u00e9: &quot;Nous devrions tous fermer nos portes lorsque nous quittons la maison et garder nos objets de valeur \u00e0 l&#39;abri des regards, sinon nous pourrions invalider notre assurance habitation.&quot;<\/p>\n<figure class=\"aligncenter img-container shareable-item\" style=\"max-width:540px\">\n<div class=\"img-wrap\">\n<a id=\"share-item-0-260\" class=\"anchor\"\/><br \/>\n<img loading=\"lazy\" decoding=\"async\" data-orig-id=\"wp-image-10458615\" data-orig-w=\"\" data-orig-h=\"\" data-max-width=\"540\" width=\"540\" height=\"358\" data-rsz=\"shrink\" src=\"https:\/\/metro.co.uk\/wp-content\/themes\/metro-parent\/img\/fallback.png\" data-src=\"https:\/\/ecobrumi.fr\/wp-content\/uploads\/2019\/09\/1568451073_180_Devriez-vous-garder-les-fenetres-ouvertes-ou-fermees-pendant-la-canicule.jpg\" alt=\"Fen\u00eatre et \u00e9tag\u00e8re \u00e0 livres dans la biblioth\u00e8que \u00e0 longue paroi. Longwall Library, Oxford, Royaume-Uni. Architecte: Wright &amp; Wright Architects LLP, 2016. (Photo: Dennis Gilbert \/ Voir Images \/ Groupe Universal Images via Getty Images)\" class=\"size-large wp-image-10458615\"\/><\/div><figcaption>Vous pouvez ouvrir les fen\u00eatres plus tard dans la journ\u00e9e (photo: Getty)<\/figcaption><\/figure>\n<p>La Grande-Bretagne pourrait cuire sous une chaleur record, les temp\u00e9ratures pouvant potentiellement atteindre 39C (102.2F) aujourd&#39;hui.<\/p>\n<p>Le record actuel de temp\u00e9rature au Royaume-Uni de 38,5 \u00b0 C.<\/p>\n<p>Un avertissement m\u00e9t\u00e9o jaune est en vigueur dans la majeure partie de l&#39;Angleterre, \u00e0 l&#39;exception du sud-ouest, et dans certaines parties de l&#39;\u00c9cosse \u00e0 partir de 15 heures le jeudi et jusqu&#39;\u00e0 4 heures le vendredi.<\/p>\n<p>Les conditions caniculaires peuvent provoquer des orages pouvant entra\u00eener des retards de d\u00e9placement, des crues \u00e9clair et des coupures de courant.<\/p>\n<p>Les services d&#39;urgence ont soulign\u00e9 les dangers de la fonte des lacs, des rivi\u00e8res et de la mer, apr\u00e8s que les corps de trois personnes aient \u00e9t\u00e9 retir\u00e9s de l&#39;eau mercredi apr\u00e8s avoir apparemment eu des difficult\u00e9s \u00e0 nager.<\/p>\n<p>\t\t\t\t\t<!-- Article below content widget area --><\/p><\/div>\n<p><script><\/p>\n<p>\t\t\t\twindow.fbApi = (function () {<\/p>\n<p>\t\t\t\t\tvar fbApiInit = false;\n\t\t\t\t\tvar awaitingReady = ();<\/p>\n<p>\t\t\t\t\tvar notifyQ = function () {\n\t\t\t\t\t\tvar i = 0,\n\t\t\t\t\t\t\tl = awaitingReady.length;\n\t\t\t\t\t\tfor (i = 0; i < l; i++) {\n\t\t\t\t\t\t\tawaitingReady(i)();\n\t\t\t\t\t\t}\n\t\t\t\t\t};\n\n\t\t\t\t\tvar ready = function (cb) {\n\t\t\t\t\t\tif (fbApiInit) {\n\t\t\t\t\t\t\tcb();\n\t\t\t\t\t\t} else {\n\t\t\t\t\t\t\tawaitingReady.push(cb);\n\t\t\t\t\t\t}\n\t\t\t\t\t};\n\n\t\t\t\t\tvar checkLoaded = function () {\n\t\t\t\t\t\treturn fbApiInit;\n\t\t\t\t\t};\n\n\t\t\t\t\twindow.fbAsyncInit = function () {\n\t\t\t\t\t\tFB.init({\n\t\t\t\t\t\t\tappId: '176908729004638',\n\t\t\t\t\t\t\txfbml: true,\n\t\t\t\t\t\t\tversion: 'v2.10'\n\t\t\t\t\t\t});\n\n\t\t\t\t\t\tfbApiInit = true;\n\t\t\t\t\t\tnotifyQ();\n\t\t\t\t\t};\n\n\t\t\t\t\treturn {\n\t\t\t\t\t\t'ready'  : ready,\n\t\t\t\t\t\t'loaded' : checkLoaded\n\t\t\t\t\t};\n\n\t\t\t\t})();\n\n\t\t\t\t(function () {\n\t\t\t\t\tfunction injectFBSDK() {\n\t\t\t\t\t\tif ( window.fbApi &#038;&#038; window.fbApi.loaded() ) return;\n\n\t\t\t\t\t\tvar d = document,\n\t\t\t\t\t\t\ts = 'script',\n\t\t\t\t\t\t\tid = 'facebook-jssdk';\n\t\t\t\t\t\tvar js, fjs = d.getElementsByTagName(s)(0);\n\t\t\t\t\t\tif (d.getElementById(id)) {\n\t\t\t\t\t\t\treturn;\n\t\t\t\t\t\t}\n\t\t\t\t\t\tjs = d.createElement(s);\n\t\t\t\t\t\tjs.id = id;\n\t\t\t\t\t\tjs.async = true;\n\t\t\t\t\t\tjs.src = \"http:\/\/connect.facebook.net\/en_US\/sdk.js\";\n\t\t\t\t\t\tfjs.parentNode.insertBefore(js, fjs);\n\t\t\t\t\t}\n\n\t\t\t\t\tif ('object' === typeof metro &#038;&#038; 'article' === metro.pageData.type) {\n\t\t\t\t\t\twindow.addEventListener('metro:scroll', injectFBSDK, {once: true});\n\t\t\t\t\t} else {\n\t\t\t\t\t\twindow.addEventListener('DOMContentLoaded', injectFBSDK, {once: true});\n\t\t\t\t\t}\n\t\t\t\t})();\n\n\t\t\t<\/script><\/pre>\n","protected":false},"excerpt":{"rendered":"<div class=\"mh-excerpt\"><p>C\u2019est un butin absolu aujourd\u2019hui, mais est-il pr\u00e9f\u00e9rable de garder les fen\u00eatres ouvertes ou ferm\u00e9es? (Photo: PA) Il semble qu&#39;aujourd&#39;hui soit l&#39;un des jours les <a class=\"mh-excerpt-more\" href=\"https:\/\/ecobrumi.fr\/?p=3422\" title=\"Devriez-vous garder les fen\u00eatres ouvertes ou ferm\u00e9es pendant la canicule?\">[&#8230;]<\/a><\/p>\n<\/div>","protected":false},"author":1,"featured_media":3423,"comment_status":"closed","ping_status":"closed","sticky":false,"template":"","format":"standard","meta":{"footnotes":""},"categories":[1],"tags":[],"class_list":["post-3422","post","type-post","status-publish","format-standard","has-post-thumbnail","hentry","category-non-classe"],"yoast_head":"<!-- This site is optimized with the Yoast SEO plugin v28.4 - https:\/\/yoast.com\/product\/yoast-seo-wordpress\/ -->\n<title>Devriez-vous garder les fen\u00eatres ouvertes ou ferm\u00e9es pendant la canicule? - Ecobrumi<\/title>\n<meta name=\"robots\" content=\"index, follow, max-snippet:-1, max-image-preview:large, max-video-preview:-1\" \/>\n<link rel=\"canonical\" href=\"https:\/\/ecobrumi.fr\/?p=3422\" \/>\n<meta property=\"og:locale\" content=\"fr_FR\" \/>\n<meta property=\"og:type\" content=\"article\" \/>\n<meta property=\"og:title\" content=\"Devriez-vous garder les fen\u00eatres ouvertes ou ferm\u00e9es pendant la canicule? - Ecobrumi\" \/>\n<meta property=\"og:description\" content=\"C\u2019est un butin absolu aujourd\u2019hui, mais est-il pr\u00e9f\u00e9rable de garder les fen\u00eatres ouvertes ou ferm\u00e9es? (Photo: PA) Il semble qu&#039;aujourd&#039;hui soit l&#039;un des jours les [...]\" \/>\n<meta property=\"og:url\" content=\"https:\/\/ecobrumi.fr\/?p=3422\" \/>\n<meta property=\"og:site_name\" content=\"Ecobrumi\" \/>\n<meta property=\"article:published_time\" content=\"2019-09-14T08:51:13+00:00\" \/>\n<meta property=\"og:image\" content=\"https:\/\/ecobrumi.fr\/wp-content\/uploads\/2019\/09\/Devriez-vous-garder-les-fen\u00eatres-ouvertes-ou-ferm\u00e9es-pendant-la-canicule.jpg\" \/>\n\t<meta property=\"og:image:width\" content=\"644\" \/>\n\t<meta property=\"og:image:height\" content=\"420\" \/>\n\t<meta property=\"og:image:type\" content=\"image\/jpeg\" \/>\n<meta name=\"author\" content=\"Ecobrumi\" \/>\n<meta name=\"twitter:card\" content=\"summary_large_image\" \/>\n<meta name=\"twitter:label1\" content=\"\u00c9crit par\" \/>\n\t<meta name=\"twitter:data1\" content=\"Ecobrumi\" \/>\n\t<meta name=\"twitter:label2\" content=\"Dur\u00e9e de lecture estim\u00e9e\" \/>\n\t<meta name=\"twitter:data2\" content=\"3 minutes\" \/>\n<script type=\"application\/ld+json\" class=\"yoast-schema-graph\">{\"@context\":\"https:\\\/\\\/schema.org\",\"@graph\":[{\"@type\":\"Article\",\"@id\":\"https:\\\/\\\/ecobrumi.fr\\\/?p=3422#article\",\"isPartOf\":{\"@id\":\"https:\\\/\\\/ecobrumi.fr\\\/?p=3422\"},\"author\":{\"name\":\"Ecobrumi\",\"@id\":\"https:\\\/\\\/ecobrumi.fr\\\/#\\\/schema\\\/person\\\/6837dcc528e538cf37ba3880ad30252b\"},\"headline\":\"Devriez-vous garder les fen\u00eatres ouvertes ou ferm\u00e9es pendant la canicule?\",\"datePublished\":\"2019-09-14T08:51:13+00:00\",\"mainEntityOfPage\":{\"@id\":\"https:\\\/\\\/ecobrumi.fr\\\/?p=3422\"},\"wordCount\":545,\"image\":{\"@id\":\"https:\\\/\\\/ecobrumi.fr\\\/?p=3422#primaryimage\"},\"thumbnailUrl\":\"https:\\\/\\\/ecobrumi.fr\\\/wp-content\\\/uploads\\\/2019\\\/09\\\/Devriez-vous-garder-les-fen\u00eatres-ouvertes-ou-ferm\u00e9es-pendant-la-canicule.jpg\",\"inLanguage\":\"fr-FR\"},{\"@type\":\"WebPage\",\"@id\":\"https:\\\/\\\/ecobrumi.fr\\\/?p=3422\",\"url\":\"https:\\\/\\\/ecobrumi.fr\\\/?p=3422\",\"name\":\"Devriez-vous garder les fen\u00eatres ouvertes ou ferm\u00e9es pendant la canicule? - Ecobrumi\",\"isPartOf\":{\"@id\":\"https:\\\/\\\/ecobrumi.fr\\\/#website\"},\"primaryImageOfPage\":{\"@id\":\"https:\\\/\\\/ecobrumi.fr\\\/?p=3422#primaryimage\"},\"image\":{\"@id\":\"https:\\\/\\\/ecobrumi.fr\\\/?p=3422#primaryimage\"},\"thumbnailUrl\":\"https:\\\/\\\/ecobrumi.fr\\\/wp-content\\\/uploads\\\/2019\\\/09\\\/Devriez-vous-garder-les-fen\u00eatres-ouvertes-ou-ferm\u00e9es-pendant-la-canicule.jpg\",\"datePublished\":\"2019-09-14T08:51:13+00:00\",\"author\":{\"@id\":\"https:\\\/\\\/ecobrumi.fr\\\/#\\\/schema\\\/person\\\/6837dcc528e538cf37ba3880ad30252b\"},\"inLanguage\":\"fr-FR\",\"potentialAction\":[{\"@type\":\"ReadAction\",\"target\":[\"https:\\\/\\\/ecobrumi.fr\\\/?p=3422\"]}]},{\"@type\":\"ImageObject\",\"inLanguage\":\"fr-FR\",\"@id\":\"https:\\\/\\\/ecobrumi.fr\\\/?p=3422#primaryimage\",\"url\":\"https:\\\/\\\/ecobrumi.fr\\\/wp-content\\\/uploads\\\/2019\\\/09\\\/Devriez-vous-garder-les-fen\u00eatres-ouvertes-ou-ferm\u00e9es-pendant-la-canicule.jpg\",\"contentUrl\":\"https:\\\/\\\/ecobrumi.fr\\\/wp-content\\\/uploads\\\/2019\\\/09\\\/Devriez-vous-garder-les-fen\u00eatres-ouvertes-ou-ferm\u00e9es-pendant-la-canicule.jpg\",\"width\":644,\"height\":420},{\"@type\":\"WebSite\",\"@id\":\"https:\\\/\\\/ecobrumi.fr\\\/#website\",\"url\":\"https:\\\/\\\/ecobrumi.fr\\\/\",\"name\":\"Ecobrumi\",\"description\":\"\",\"potentialAction\":[{\"@type\":\"SearchAction\",\"target\":{\"@type\":\"EntryPoint\",\"urlTemplate\":\"https:\\\/\\\/ecobrumi.fr\\\/?s={search_term_string}\"},\"query-input\":{\"@type\":\"PropertyValueSpecification\",\"valueRequired\":true,\"valueName\":\"search_term_string\"}}],\"inLanguage\":\"fr-FR\"},{\"@type\":\"Person\",\"@id\":\"https:\\\/\\\/ecobrumi.fr\\\/#\\\/schema\\\/person\\\/6837dcc528e538cf37ba3880ad30252b\",\"name\":\"Ecobrumi\",\"image\":{\"@type\":\"ImageObject\",\"inLanguage\":\"fr-FR\",\"@id\":\"https:\\\/\\\/secure.gravatar.com\\\/avatar\\\/c0ec8d6c4e60097aea4eb4371f86a4e2c87ccd706d05afb6224f73522aacf1c5?s=96&d=mm&r=g\",\"url\":\"https:\\\/\\\/secure.gravatar.com\\\/avatar\\\/c0ec8d6c4e60097aea4eb4371f86a4e2c87ccd706d05afb6224f73522aacf1c5?s=96&d=mm&r=g\",\"contentUrl\":\"https:\\\/\\\/secure.gravatar.com\\\/avatar\\\/c0ec8d6c4e60097aea4eb4371f86a4e2c87ccd706d05afb6224f73522aacf1c5?s=96&d=mm&r=g\",\"caption\":\"Ecobrumi\"}}]}<\/script>\n<!-- \/ Yoast SEO plugin. -->","yoast_head_json":{"title":"Devriez-vous garder les fen\u00eatres ouvertes ou ferm\u00e9es pendant la canicule? - Ecobrumi","robots":{"index":"index","follow":"follow","max-snippet":"max-snippet:-1","max-image-preview":"max-image-preview:large","max-video-preview":"max-video-preview:-1"},"canonical":"https:\/\/ecobrumi.fr\/?p=3422","og_locale":"fr_FR","og_type":"article","og_title":"Devriez-vous garder les fen\u00eatres ouvertes ou ferm\u00e9es pendant la canicule? - Ecobrumi","og_description":"C\u2019est un butin absolu aujourd\u2019hui, mais est-il pr\u00e9f\u00e9rable de garder les fen\u00eatres ouvertes ou ferm\u00e9es? (Photo: PA) Il semble qu&#39;aujourd&#39;hui soit l&#39;un des jours les [...]","og_url":"https:\/\/ecobrumi.fr\/?p=3422","og_site_name":"Ecobrumi","article_published_time":"2019-09-14T08:51:13+00:00","og_image":[{"width":644,"height":420,"url":"https:\/\/ecobrumi.fr\/wp-content\/uploads\/2019\/09\/Devriez-vous-garder-les-fen\u00eatres-ouvertes-ou-ferm\u00e9es-pendant-la-canicule.jpg","type":"image\/jpeg"}],"author":"Ecobrumi","twitter_card":"summary_large_image","twitter_misc":{"\u00c9crit par":"Ecobrumi","Dur\u00e9e de lecture estim\u00e9e":"3 minutes"},"schema":{"@context":"https:\/\/schema.org","@graph":[{"@type":"Article","@id":"https:\/\/ecobrumi.fr\/?p=3422#article","isPartOf":{"@id":"https:\/\/ecobrumi.fr\/?p=3422"},"author":{"name":"Ecobrumi","@id":"https:\/\/ecobrumi.fr\/#\/schema\/person\/6837dcc528e538cf37ba3880ad30252b"},"headline":"Devriez-vous garder les fen\u00eatres ouvertes ou ferm\u00e9es pendant la canicule?","datePublished":"2019-09-14T08:51:13+00:00","mainEntityOfPage":{"@id":"https:\/\/ecobrumi.fr\/?p=3422"},"wordCount":545,"image":{"@id":"https:\/\/ecobrumi.fr\/?p=3422#primaryimage"},"thumbnailUrl":"https:\/\/ecobrumi.fr\/wp-content\/uploads\/2019\/09\/Devriez-vous-garder-les-fen\u00eatres-ouvertes-ou-ferm\u00e9es-pendant-la-canicule.jpg","inLanguage":"fr-FR"},{"@type":"WebPage","@id":"https:\/\/ecobrumi.fr\/?p=3422","url":"https:\/\/ecobrumi.fr\/?p=3422","name":"Devriez-vous garder les fen\u00eatres ouvertes ou ferm\u00e9es pendant la canicule? - Ecobrumi","isPartOf":{"@id":"https:\/\/ecobrumi.fr\/#website"},"primaryImageOfPage":{"@id":"https:\/\/ecobrumi.fr\/?p=3422#primaryimage"},"image":{"@id":"https:\/\/ecobrumi.fr\/?p=3422#primaryimage"},"thumbnailUrl":"https:\/\/ecobrumi.fr\/wp-content\/uploads\/2019\/09\/Devriez-vous-garder-les-fen\u00eatres-ouvertes-ou-ferm\u00e9es-pendant-la-canicule.jpg","datePublished":"2019-09-14T08:51:13+00:00","author":{"@id":"https:\/\/ecobrumi.fr\/#\/schema\/person\/6837dcc528e538cf37ba3880ad30252b"},"inLanguage":"fr-FR","potentialAction":[{"@type":"ReadAction","target":["https:\/\/ecobrumi.fr\/?p=3422"]}]},{"@type":"ImageObject","inLanguage":"fr-FR","@id":"https:\/\/ecobrumi.fr\/?p=3422#primaryimage","url":"https:\/\/ecobrumi.fr\/wp-content\/uploads\/2019\/09\/Devriez-vous-garder-les-fen\u00eatres-ouvertes-ou-ferm\u00e9es-pendant-la-canicule.jpg","contentUrl":"https:\/\/ecobrumi.fr\/wp-content\/uploads\/2019\/09\/Devriez-vous-garder-les-fen\u00eatres-ouvertes-ou-ferm\u00e9es-pendant-la-canicule.jpg","width":644,"height":420},{"@type":"WebSite","@id":"https:\/\/ecobrumi.fr\/#website","url":"https:\/\/ecobrumi.fr\/","name":"Ecobrumi","description":"","potentialAction":[{"@type":"SearchAction","target":{"@type":"EntryPoint","urlTemplate":"https:\/\/ecobrumi.fr\/?s={search_term_string}"},"query-input":{"@type":"PropertyValueSpecification","valueRequired":true,"valueName":"search_term_string"}}],"inLanguage":"fr-FR"},{"@type":"Person","@id":"https:\/\/ecobrumi.fr\/#\/schema\/person\/6837dcc528e538cf37ba3880ad30252b","name":"Ecobrumi","image":{"@type":"ImageObject","inLanguage":"fr-FR","@id":"https:\/\/secure.gravatar.com\/avatar\/c0ec8d6c4e60097aea4eb4371f86a4e2c87ccd706d05afb6224f73522aacf1c5?s=96&d=mm&r=g","url":"https:\/\/secure.gravatar.com\/avatar\/c0ec8d6c4e60097aea4eb4371f86a4e2c87ccd706d05afb6224f73522aacf1c5?s=96&d=mm&r=g","contentUrl":"https:\/\/secure.gravatar.com\/avatar\/c0ec8d6c4e60097aea4eb4371f86a4e2c87ccd706d05afb6224f73522aacf1c5?s=96&d=mm&r=g","caption":"Ecobrumi"}}]}},"_links":{"self":[{"href":"https:\/\/ecobrumi.fr\/index.php?rest_route=\/wp\/v2\/posts\/3422","targetHints":{"allow":["GET"]}}],"collection":[{"href":"https:\/\/ecobrumi.fr\/index.php?rest_route=\/wp\/v2\/posts"}],"about":[{"href":"https:\/\/ecobrumi.fr\/index.php?rest_route=\/wp\/v2\/types\/post"}],"author":[{"embeddable":true,"href":"https:\/\/ecobrumi.fr\/index.php?rest_route=\/wp\/v2\/users\/1"}],"replies":[{"embeddable":true,"href":"https:\/\/ecobrumi.fr\/index.php?rest_route=%2Fwp%2Fv2%2Fcomments&post=3422"}],"version-history":[{"count":1,"href":"https:\/\/ecobrumi.fr\/index.php?rest_route=\/wp\/v2\/posts\/3422\/revisions"}],"predecessor-version":[{"id":3424,"href":"https:\/\/ecobrumi.fr\/index.php?rest_route=\/wp\/v2\/posts\/3422\/revisions\/3424"}],"wp:featuredmedia":[{"embeddable":true,"href":"https:\/\/ecobrumi.fr\/index.php?rest_route=\/wp\/v2\/media\/3423"}],"wp:attachment":[{"href":"https:\/\/ecobrumi.fr\/index.php?rest_route=%2Fwp%2Fv2%2Fmedia&parent=3422"}],"wp:term":[{"taxonomy":"category","embeddable":true,"href":"https:\/\/ecobrumi.fr\/index.php?rest_route=%2Fwp%2Fv2%2Fcategories&post=3422"},{"taxonomy":"post_tag","embeddable":true,"href":"https:\/\/ecobrumi.fr\/index.php?rest_route=%2Fwp%2Fv2%2Ftags&post=3422"}],"curies":[{"name":"wp","href":"https:\/\/api.w.org\/{rel}","templated":true}]}}