{"id":3772,"date":"2019-10-22T21:05:38","date_gmt":"2019-10-22T19:05:38","guid":{"rendered":"https:\/\/ecobrumi.fr\/?p=3772"},"modified":"2019-10-22T21:05:40","modified_gmt":"2019-10-22T19:05:40","slug":"apres-le-mois-de-juillet-le-plus-chaud-de-son-histoire-les-incendies-font-rage-a-travers-le-monde","status":"publish","type":"post","link":"https:\/\/ecobrumi.fr\/?p=3772","title":{"rendered":"Apr\u00e8s le mois de juillet le plus chaud de son histoire, les incendies font rage \u00e0 travers le monde"},"content":{"rendered":"<p><\/p>\n<div>\n<div class=\"byline-section\">\n<p>\n            <span class=\"author\"><\/p>\n<p>                Trevor Hughes<br \/>\n            <\/span><br \/>\n            <span class=\"publication\"><\/p>\n<p>                USA AUJOURD&#39;HUI<br \/>\n            <\/span>\n        <\/p>\n<p>            Publi\u00e9 \u00e0 10h00 HAE le 23 ao\u00fbt 2019\n        <\/p>\n<\/p><\/div>\n<p>DENVER &#8211; Les feux de for\u00eat br\u00fblent \u00e0 travers le monde, envahissant le ciel de fum\u00e9e d\u2019Alaska jusqu\u2019\u00e0 l\u2019Amazone. Les scientifiques affirment que ce n\u2019est pas un hasard si le mois de Juillet a \u00e9t\u00e9 le plus chaud de tous les temps sur Terre.<\/p>\n<p>Les incendies ont forc\u00e9 des \u00e9vacuations dans le monde entier, plus r\u00e9cemment dans les \u00eeles Canaries, en Espagne, o\u00f9 plus de 8 000 personnes ont \u00e9t\u00e9 contraintes de fuir. La fum\u00e9e de certains incendies est si grave que les satellites peuvent la voir depuis l\u2019espace, recouvrant de vastes r\u00e9gions de l\u2019Am\u00e9rique du Sud et de l\u2019Arctique.<\/p>\n<p>Les scientifiques du climat disent que les incendies sont en partie le r\u00e9sultat d&#39;un monde qui se r\u00e9chauffe, facilitant ainsi la propagation des flammes.<\/p>\n<p>&quot;Dans ces conditions, il est plus facile pour les feux de for\u00eat de cro\u00eetre et de vivre plus longtemps&quot;, a d\u00e9clar\u00e9 Mark Parrington, scientifique senior du service de surveillance de l&#39;atmosph\u00e8re de Copernicus au Centre europ\u00e9en pour les pr\u00e9visions m\u00e9t\u00e9orologiques \u00e0 moyen terme.<\/p>\n<p>La temp\u00e9rature mondiale moyenne en juillet \u00e9tait de 1,71 \u00b0 F sup\u00e9rieure \u00e0 la moyenne du 20\u00e8me si\u00e8cle de 60,4 \u00b0 C, ce qui en fait le mois de juillet le plus chaud des 140 derni\u00e8res ann\u00e9es, selon les scientifiques des centres nationaux d\u2019information sur l\u2019environnement de la NOAA.<\/p>\n<p>Le mois le plus chaud enregistr\u00e9 \u00e9tait juillet 2016. Neuf des 10 plus chauds enregistr\u00e9s ont eu lieu depuis 2005; les cinq derni\u00e8res ann\u00e9es se sont class\u00e9es comme les cinq ann\u00e9es les plus chaudes. Le mois dernier \u00e9tait \u00e9galement le 43\u00e8me mois de juillet cons\u00e9cutif et le 415\u00e8me mois cons\u00e9cutif avec des temp\u00e9ratures mondiales sup\u00e9rieures \u00e0 la moyenne.<\/p>\n<p>Parrington a d\u00e9clar\u00e9 qu&#39;il n&#39;\u00e9tait pas possible d&#39;\u00e9tablir un lien direct entre un temps plus chaud et davantage d&#39;incendies de for\u00eat, citant l&#39;activit\u00e9 humaine. Par exemple, bien que de grands incendies br\u00fblent actuellement en Amazonie, les 20 derni\u00e8res ann\u00e9es ont g\u00e9n\u00e9ralement \u00e9t\u00e9 t\u00e9moins d&#39;une r\u00e9duction des incendies de for\u00eat, a-t-il d\u00e9clar\u00e9. Mais \u00e0 pr\u00e9sent, les incendies sont les pires depuis au moins 2010, selon les donn\u00e9es initiales, a-t-il d\u00e9clar\u00e9.<\/p>\n<p>Les experts du climat disent qu&#39;il y aura toujours des variations r\u00e9gionales &#8211; les \u00c9tats-Unis ont connu une ann\u00e9e d&#39;incendies de for\u00eat inf\u00e9rieure \u00e0 la moyenne apr\u00e8s les incendies meurtri\u00e8res de 2018 en Californie &#8211; mais la tendance g\u00e9n\u00e9rale est \u00e0 un climat plus extr\u00eame aliment\u00e9 par un climat plus chaud.<\/p>\n<p>Les for\u00eats bor\u00e9ales de l&#39;Arctique sont particuli\u00e8rement menac\u00e9es, a d\u00e9clar\u00e9 Rick Thoman, sp\u00e9cialiste du climat au Centre Alaska pour l&#39;\u00e9valuation du climat et les politiques climatiques, bas\u00e9 \u00e0 Fairbanks. \u00c0 l&#39;instar de Parrington, il a d\u00e9clar\u00e9 que le lien entre le temps chaud et le nombre d&#39;incendies n&#39;\u00e9tait pas simple, mais que les conditions d&#39;incendie sont de plus en plus fr\u00e9quentes dans le nord.<\/p>\n<p>&quot;C\u2019est une boucle de renforcement: plus vous avez d\u2019incendies, plus vous ouvrez de terres, plus vous chaufferez davantage dans les ann\u00e9es \u00e0 venir, car les arbres ne sont pas l\u00e0 pour l\u2019ombrager, ce qui fera ensuite fondre le perg\u00e9lisol, qui rel\u00e2cheront ensuite du carbone et du m\u00e9thane, qui sont des gaz \u00e0 effet de serre, qui contribuent \u00e0 des \u00e9t\u00e9s plus chauds et \u00e0 davantage d&#39;incendies &quot;, a d\u00e9clar\u00e9 Thoman.<\/p>\n<h2 class=\"presto-h2\">ALASKA: La fum\u00e9e a \u00e0 nouveau masqu\u00e9 Anchorage<\/h2>\n<p>Plusieurs incendies sont en train de br\u00fbler pr\u00e8s de la plus grande ville de l&#39;\u00c9tat et des pompiers ont demand\u00e9 l&#39;aide des Lower 48. Plus de 400 000 acres sont en train de br\u00fbler et l&#39;une des principales pr\u00e9occupations est l&#39;incendie de McKinley, qui a d\u00e9truit au moins 50 structures sur une centaine de kilom\u00e8tres. au nord d&#39;Anchorage. Les responsables de l&#39;arrondissement de Matanuska-Susitna ont d\u00e9clar\u00e9 l&#39;\u00e9tat d&#39;urgence et les pompiers ont exprim\u00e9 l&#39;espoir que le temps plus calme annonc\u00e9 mercredi permettrait aux personnes \u00e9vacu\u00e9es de rentrer chez elles.<\/p>\n<p>Les experts de ce printemps ont pr\u00e9dit une longue saison des feux en Alaska car la neige avait fondu plusieurs semaines plus t\u00f4t que d\u2019habitude dans de nombreuses r\u00e9gions de l\u2019\u00c9tat.<\/p>\n<p>L&#39;Alaska a eu un \u00e9t\u00e9 \u00e9touffant. Le mois de juillet a \u00e9t\u00e9 le plus chaud jamais enregistr\u00e9 dans cet \u00c9tat. L&#39;incendie qui r\u00e9gnait depuis longtemps dans le lac des cygnes a raviv\u00e9 le week-end dernier, enveloppant la r\u00e9gion de fum\u00e9e et obligeant les autorit\u00e9s \u00e0 utiliser des voitures pilotes pour conduire des v\u00e9hicules dans la zone enfum\u00e9e de la p\u00e9ninsule de Kenai. La foudre a d\u00e9clench\u00e9 l&#39;incendie de 138 479 acres en juin, ont d\u00e9clar\u00e9 des responsables, et il y a peu de chance qu&#39;il soit \u00e9teint avant l&#39;arriv\u00e9e des fortes pluies.<\/p>\n<p>Les co\u00fbts de la lutte contre les incendies dans l&#39;\u00c9tat ont d\u00e9j\u00e0 d\u00e9pass\u00e9 150 millions de dollars, ont d\u00e9clar\u00e9 des responsables.<\/p>\n<p>Thoman a d\u00e9clar\u00e9 que les Alaskiens sont devenus un peu blas\u00e9s depuis que les incendies de cette ann\u00e9e n&#39;ont &quot;br\u00fbl\u00e9&quot; que 2,5 millions d&#39;acres de terres, contre 6,6 millions d&#39;acres br\u00fbl\u00e9s au cours de la pire saison de 2004, mais parce que les incendies de cette ann\u00e9e ont \u00e9t\u00e9 tr\u00e8s proches des zones peupl\u00e9es, ils ont attir\u00e9 plus d&#39;attention: &quot;Avec une visibilit\u00e9 d&#39;un kilom\u00e8tre dans la fum\u00e9e, vous ne pouvez pas vous en sortir.&quot;<\/p>\n<div class=\"asset asset-image\">\n<div class=\"image-image\"><\/div>\n<\/p><\/div>\n<h2 class=\"presto-h2\">AMAZON: Les feux de for\u00eat g\u00e9n\u00e8rent de la fum\u00e9e visible de l&#39;espace<\/h2>\n<p>Le ciel au-dessus de S\u00e3o Paulo est devenu noir lundi alors que les incendies qui ont s\u00e9vi \u00e0 plus de 1 000 km ont projet\u00e9 de la fum\u00e9e verser sur la plus grande ville du Br\u00e9sil. La fum\u00e9e r\u00e9sultant de certains de ces incendies a \u00e9galement \u00e9t\u00e9 captur\u00e9e dans des images satellites publi\u00e9es par la NASA la semaine derni\u00e8re.<\/p>\n<p>&quot;La fum\u00e9e ne provenait pas des incendies de l&#39;\u00c9tat de S\u00e3o Paulo, mais de feux tr\u00e8s denses et tr\u00e8s \u00e9tendus qui se d\u00e9roulent depuis plusieurs jours \u00e0 Rond\u00f4nia et en Bolivie. Le front froid a chang\u00e9 la direction des vents et a transport\u00e9 cette fum\u00e9e \u00e0 S\u00e3o Paulo &quot;, a d\u00e9clar\u00e9 \u00e0 Globo Jos\u00e9lia Pegorim, m\u00e9t\u00e9orologue \u00e0 Climatempo.<\/p>\n<p>Le hashtag Twitter #PrayforAmazonas est \u00e0 la mode alors que des observateurs d&#39;Amazonie horrifi\u00e9s partagent des images de la d\u00e9vastation.<\/p>\n<div class=\"asset asset-image\">\n<div class=\"image-image\"><img decoding=\"async\" src=\"https:\/\/ecobrumi.fr\/wp-content\/uploads\/2019\/10\/Apres-le-mois-de-juillet-le-plus-chaud-de-son.jpg\"\/><\/div>\n<\/p><\/div>\n<p>Selon des scientifiques am\u00e9ricains, la for\u00eat amazonienne est g\u00e9n\u00e9ralement r\u00e9sistante au feu, mais les changements climatiques l\u2019ont laiss\u00e9e plus s\u00e8che que d\u2019habitude. Et bien que les agriculteurs mettent souvent le feu dans la r\u00e9gion pour d\u00e9fricher des zones agricoles, c\u2019est la saison des pluies qui a \u00e9clat\u00e9 cette ann\u00e9e dans la for\u00eat amazonienne, selon de nouvelles donn\u00e9es publi\u00e9es par l\u2019agence spatiale amazonienne. Institut national de recherche spatiale (INPE). L&#39;agence a d\u00e9clar\u00e9 que ses donn\u00e9es satellitaires avaient d\u00e9tect\u00e9 plus de 72 000 incendies depuis janvier, soit une augmentation de 83% par rapport \u00e0 2018.<\/p>\n<p>Selon une analyse du service de surveillance de l&#39;atmosph\u00e8re de Copernicus, les \u00e9missions d&#39;ao\u00fbt pour la r\u00e9gion de l&#39;Amazone sont les plus \u00e9lev\u00e9es depuis 2003, et pour l&#39;ensemble de la r\u00e9gion amazonienne, les plus \u00e9lev\u00e9es depuis 2010.<\/p>\n<div class=\"asset asset-image\">\n<div class=\"image-image\"><img decoding=\"async\" src=\"https:\/\/ecobrumi.fr\/wp-content\/uploads\/2019\/10\/1571771138_950_Apres-le-mois-de-juillet-le-plus-chaud-de-son.jpg\"\/><\/div>\n<\/p><\/div>\n<h2 class=\"presto-h2\">CANARIES: D&#39;immenses flammes forcent des \u00e9vacuations massives<\/h2>\n<p>Un incendie de for\u00eat qui fait rage a forc\u00e9 des \u00e9vacuations \u00e0 grande \u00e9chelle de r\u00e9sidents cette semaine sur Gran Canaria, une \u00eele volcanique montagneuse au nord-ouest de l&#39;Afrique. Les autorit\u00e9s ont indiqu\u00e9 que les flammes qui br\u00fblaient dans les zones bois\u00e9es g\u00e9n\u00e9raient des flammes pouvant atteindre 160 pieds de hauteur dans la zone du parc naturel de Tamadaba et qu&#39;environ 8 000 personnes avaient \u00e9t\u00e9 \u00e9vacu\u00e9es. L&#39;\u00eele est populaire aupr\u00e8s des touristes, mais les responsables ont d\u00e9clar\u00e9 que les zones de vill\u00e9giature n&#39;avaient pas encore \u00e9t\u00e9 touch\u00e9es, m\u00eame si la fum\u00e9e \u00e9tait largement visible.<\/p>\n<p>Frederico Grillo, responsable des urgences \u00e0 Gran Canaria, a d\u00e9clar\u00e9 que les flamb\u00e9es r\u00e9centes \u00e9taient bien pires &#8211; &quot;plus que celles que nous avions auparavant&quot; &#8211; lorsque les familles travaillaient \u00e0 la campagne et que les for\u00eats \u00e9taient mieux entretenues, a rapport\u00e9 l&#39;agence de presse priv\u00e9e Europa Press.<\/p>\n<p><strong style=\"margin-right:3px;\">Forc\u00e9 de fuir: <\/strong>Un incendie sur les \u00eeles Canaries oblige 8 000 personnes \u00e0 \u00e9vacuer<\/p>\n<h2 class=\"presto-h2\">L&#39;Arctique: des r\u00e9gions du Groenland normalement enneig\u00e9es br\u00fblent<\/h2>\n<p>L\u2019Arctique dans son ensemble a connu une activit\u00e9 des feux de for\u00eat inhabituellement intense cet \u00e9t\u00e9, a d\u00e9clar\u00e9 Parrington, notamment dans des r\u00e9gions telles que le Groenland, o\u00f9 les incendies ne sont g\u00e9n\u00e9ralement pas signal\u00e9s. Une estimation a r\u00e9v\u00e9l\u00e9 que la quantit\u00e9 de dioxyde de carbone \u00e9mise par les incendies dans le cercle polaire arctique en juin 2019 \u00e9tait sup\u00e9rieure \u00e0 la totalit\u00e9 du CO2 \u00e9mis le m\u00eame mois de 2010 \u00e0 2018 r\u00e9unis.<\/p>\n<p>Thomas Smith, professeur adjoint de g\u00e9ographie environnementale \u00e0 la London School of Economics, a d\u00e9clar\u00e9 \u00e0 USA TODAY le mois dernier, bien qu\u2019il soit courant que des feux de for\u00eat se d\u00e9clarent dans ces r\u00e9gions.<\/p>\n<p>&quot;La magnitude est sans pr\u00e9c\u00e9dent dans les 16 ann\u00e9es d&#39;enregistrement satellite&quot;, a d\u00e9clar\u00e9 Smith. &quot;Les incendies semblent \u00eatre plus au nord que d&#39;habitude, et certains semblent avoir enflamm\u00e9 les sols tourbeux.&quot; Les feux de tourbe peuvent br\u00fbler pendant des mois.<\/p>\n<\/p><\/div>\n<\/pre>\n","protected":false},"excerpt":{"rendered":"<div class=\"mh-excerpt\"><p>Trevor Hughes USA AUJOURD&#39;HUI Publi\u00e9 \u00e0 10h00 HAE le 23 ao\u00fbt 2019 DENVER &#8211; Les feux de for\u00eat br\u00fblent \u00e0 travers le monde, envahissant le <a class=\"mh-excerpt-more\" href=\"https:\/\/ecobrumi.fr\/?p=3772\" title=\"Apr\u00e8s le mois de juillet le plus chaud de son histoire, les incendies font rage \u00e0 travers le monde\">[&#8230;]<\/a><\/p>\n<\/div>","protected":false},"author":1,"featured_media":3773,"comment_status":"closed","ping_status":"closed","sticky":false,"template":"","format":"standard","meta":{"footnotes":""},"categories":[1],"tags":[],"class_list":["post-3772","post","type-post","status-publish","format-standard","has-post-thumbnail","hentry","category-non-classe"],"yoast_head":"<!-- This site is optimized with the Yoast SEO plugin v28.4 - https:\/\/yoast.com\/product\/yoast-seo-wordpress\/ -->\n<title>Apr\u00e8s le mois de juillet le plus chaud de son histoire, les incendies font rage \u00e0 travers le monde - Ecobrumi<\/title>\n<meta name=\"robots\" content=\"index, follow, max-snippet:-1, max-image-preview:large, max-video-preview:-1\" \/>\n<link rel=\"canonical\" href=\"https:\/\/ecobrumi.fr\/?p=3772\" \/>\n<meta property=\"og:locale\" content=\"fr_FR\" \/>\n<meta property=\"og:type\" content=\"article\" \/>\n<meta property=\"og:title\" content=\"Apr\u00e8s le mois de juillet le plus chaud de son histoire, les incendies font rage \u00e0 travers le monde - Ecobrumi\" \/>\n<meta property=\"og:description\" content=\"Trevor Hughes USA AUJOURD&#039;HUI Publi\u00e9 \u00e0 10h00 HAE le 23 ao\u00fbt 2019 DENVER &#8211; Les feux de for\u00eat br\u00fblent \u00e0 travers le monde, envahissant le [...]\" \/>\n<meta property=\"og:url\" content=\"https:\/\/ecobrumi.fr\/?p=3772\" \/>\n<meta property=\"og:site_name\" content=\"Ecobrumi\" \/>\n<meta property=\"article:published_time\" content=\"2019-10-22T19:05:38+00:00\" \/>\n<meta property=\"article:modified_time\" content=\"2019-10-22T19:05:40+00:00\" \/>\n<meta property=\"og:image\" content=\"https:\/\/ecobrumi.fr\/wp-content\/uploads\/2019\/10\/Apr\u00e8s-le-mois-de-juillet-le-plus-chaud-de-son.JPG\" \/>\n\t<meta property=\"og:image:width\" content=\"1080\" \/>\n\t<meta property=\"og:image:height\" content=\"720\" \/>\n\t<meta property=\"og:image:type\" content=\"image\/jpeg\" \/>\n<meta name=\"author\" content=\"Ecobrumi\" \/>\n<meta name=\"twitter:card\" content=\"summary_large_image\" \/>\n<meta name=\"twitter:label1\" content=\"\u00c9crit par\" \/>\n\t<meta name=\"twitter:data1\" content=\"Ecobrumi\" \/>\n\t<meta name=\"twitter:label2\" content=\"Dur\u00e9e de lecture estim\u00e9e\" \/>\n\t<meta name=\"twitter:data2\" content=\"8 minutes\" \/>\n<script type=\"application\/ld+json\" class=\"yoast-schema-graph\">{\"@context\":\"https:\\\/\\\/schema.org\",\"@graph\":[{\"@type\":\"Article\",\"@id\":\"https:\\\/\\\/ecobrumi.fr\\\/?p=3772#article\",\"isPartOf\":{\"@id\":\"https:\\\/\\\/ecobrumi.fr\\\/?p=3772\"},\"author\":{\"name\":\"Ecobrumi\",\"@id\":\"https:\\\/\\\/ecobrumi.fr\\\/#\\\/schema\\\/person\\\/6837dcc528e538cf37ba3880ad30252b\"},\"headline\":\"Apr\u00e8s le mois de juillet le plus chaud de son histoire, les incendies font rage \u00e0 travers le monde\",\"datePublished\":\"2019-10-22T19:05:38+00:00\",\"dateModified\":\"2019-10-22T19:05:40+00:00\",\"mainEntityOfPage\":{\"@id\":\"https:\\\/\\\/ecobrumi.fr\\\/?p=3772\"},\"wordCount\":1688,\"image\":{\"@id\":\"https:\\\/\\\/ecobrumi.fr\\\/?p=3772#primaryimage\"},\"thumbnailUrl\":\"https:\\\/\\\/ecobrumi.fr\\\/wp-content\\\/uploads\\\/2019\\\/10\\\/Apr\u00e8s-le-mois-de-juillet-le-plus-chaud-de-son.JPG\",\"inLanguage\":\"fr-FR\"},{\"@type\":\"WebPage\",\"@id\":\"https:\\\/\\\/ecobrumi.fr\\\/?p=3772\",\"url\":\"https:\\\/\\\/ecobrumi.fr\\\/?p=3772\",\"name\":\"Apr\u00e8s le mois de juillet le plus chaud de son histoire, les incendies font rage \u00e0 travers le monde - Ecobrumi\",\"isPartOf\":{\"@id\":\"https:\\\/\\\/ecobrumi.fr\\\/#website\"},\"primaryImageOfPage\":{\"@id\":\"https:\\\/\\\/ecobrumi.fr\\\/?p=3772#primaryimage\"},\"image\":{\"@id\":\"https:\\\/\\\/ecobrumi.fr\\\/?p=3772#primaryimage\"},\"thumbnailUrl\":\"https:\\\/\\\/ecobrumi.fr\\\/wp-content\\\/uploads\\\/2019\\\/10\\\/Apr\u00e8s-le-mois-de-juillet-le-plus-chaud-de-son.JPG\",\"datePublished\":\"2019-10-22T19:05:38+00:00\",\"dateModified\":\"2019-10-22T19:05:40+00:00\",\"author\":{\"@id\":\"https:\\\/\\\/ecobrumi.fr\\\/#\\\/schema\\\/person\\\/6837dcc528e538cf37ba3880ad30252b\"},\"inLanguage\":\"fr-FR\",\"potentialAction\":[{\"@type\":\"ReadAction\",\"target\":[\"https:\\\/\\\/ecobrumi.fr\\\/?p=3772\"]}]},{\"@type\":\"ImageObject\",\"inLanguage\":\"fr-FR\",\"@id\":\"https:\\\/\\\/ecobrumi.fr\\\/?p=3772#primaryimage\",\"url\":\"https:\\\/\\\/ecobrumi.fr\\\/wp-content\\\/uploads\\\/2019\\\/10\\\/Apr\u00e8s-le-mois-de-juillet-le-plus-chaud-de-son.JPG\",\"contentUrl\":\"https:\\\/\\\/ecobrumi.fr\\\/wp-content\\\/uploads\\\/2019\\\/10\\\/Apr\u00e8s-le-mois-de-juillet-le-plus-chaud-de-son.JPG\",\"width\":1080,\"height\":720},{\"@type\":\"WebSite\",\"@id\":\"https:\\\/\\\/ecobrumi.fr\\\/#website\",\"url\":\"https:\\\/\\\/ecobrumi.fr\\\/\",\"name\":\"Ecobrumi\",\"description\":\"\",\"potentialAction\":[{\"@type\":\"SearchAction\",\"target\":{\"@type\":\"EntryPoint\",\"urlTemplate\":\"https:\\\/\\\/ecobrumi.fr\\\/?s={search_term_string}\"},\"query-input\":{\"@type\":\"PropertyValueSpecification\",\"valueRequired\":true,\"valueName\":\"search_term_string\"}}],\"inLanguage\":\"fr-FR\"},{\"@type\":\"Person\",\"@id\":\"https:\\\/\\\/ecobrumi.fr\\\/#\\\/schema\\\/person\\\/6837dcc528e538cf37ba3880ad30252b\",\"name\":\"Ecobrumi\",\"image\":{\"@type\":\"ImageObject\",\"inLanguage\":\"fr-FR\",\"@id\":\"https:\\\/\\\/secure.gravatar.com\\\/avatar\\\/c0ec8d6c4e60097aea4eb4371f86a4e2c87ccd706d05afb6224f73522aacf1c5?s=96&d=mm&r=g\",\"url\":\"https:\\\/\\\/secure.gravatar.com\\\/avatar\\\/c0ec8d6c4e60097aea4eb4371f86a4e2c87ccd706d05afb6224f73522aacf1c5?s=96&d=mm&r=g\",\"contentUrl\":\"https:\\\/\\\/secure.gravatar.com\\\/avatar\\\/c0ec8d6c4e60097aea4eb4371f86a4e2c87ccd706d05afb6224f73522aacf1c5?s=96&d=mm&r=g\",\"caption\":\"Ecobrumi\"}}]}<\/script>\n<!-- \/ Yoast SEO plugin. -->","yoast_head_json":{"title":"Apr\u00e8s le mois de juillet le plus chaud de son histoire, les incendies font rage \u00e0 travers le monde - Ecobrumi","robots":{"index":"index","follow":"follow","max-snippet":"max-snippet:-1","max-image-preview":"max-image-preview:large","max-video-preview":"max-video-preview:-1"},"canonical":"https:\/\/ecobrumi.fr\/?p=3772","og_locale":"fr_FR","og_type":"article","og_title":"Apr\u00e8s le mois de juillet le plus chaud de son histoire, les incendies font rage \u00e0 travers le monde - Ecobrumi","og_description":"Trevor Hughes USA AUJOURD&#39;HUI Publi\u00e9 \u00e0 10h00 HAE le 23 ao\u00fbt 2019 DENVER &#8211; Les feux de for\u00eat br\u00fblent \u00e0 travers le monde, envahissant le [...]","og_url":"https:\/\/ecobrumi.fr\/?p=3772","og_site_name":"Ecobrumi","article_published_time":"2019-10-22T19:05:38+00:00","article_modified_time":"2019-10-22T19:05:40+00:00","og_image":[{"width":1080,"height":720,"url":"https:\/\/ecobrumi.fr\/wp-content\/uploads\/2019\/10\/Apr\u00e8s-le-mois-de-juillet-le-plus-chaud-de-son.JPG","type":"image\/jpeg"}],"author":"Ecobrumi","twitter_card":"summary_large_image","twitter_misc":{"\u00c9crit par":"Ecobrumi","Dur\u00e9e de lecture estim\u00e9e":"8 minutes"},"schema":{"@context":"https:\/\/schema.org","@graph":[{"@type":"Article","@id":"https:\/\/ecobrumi.fr\/?p=3772#article","isPartOf":{"@id":"https:\/\/ecobrumi.fr\/?p=3772"},"author":{"name":"Ecobrumi","@id":"https:\/\/ecobrumi.fr\/#\/schema\/person\/6837dcc528e538cf37ba3880ad30252b"},"headline":"Apr\u00e8s le mois de juillet le plus chaud de son histoire, les incendies font rage \u00e0 travers le monde","datePublished":"2019-10-22T19:05:38+00:00","dateModified":"2019-10-22T19:05:40+00:00","mainEntityOfPage":{"@id":"https:\/\/ecobrumi.fr\/?p=3772"},"wordCount":1688,"image":{"@id":"https:\/\/ecobrumi.fr\/?p=3772#primaryimage"},"thumbnailUrl":"https:\/\/ecobrumi.fr\/wp-content\/uploads\/2019\/10\/Apr\u00e8s-le-mois-de-juillet-le-plus-chaud-de-son.JPG","inLanguage":"fr-FR"},{"@type":"WebPage","@id":"https:\/\/ecobrumi.fr\/?p=3772","url":"https:\/\/ecobrumi.fr\/?p=3772","name":"Apr\u00e8s le mois de juillet le plus chaud de son histoire, les incendies font rage \u00e0 travers le monde - Ecobrumi","isPartOf":{"@id":"https:\/\/ecobrumi.fr\/#website"},"primaryImageOfPage":{"@id":"https:\/\/ecobrumi.fr\/?p=3772#primaryimage"},"image":{"@id":"https:\/\/ecobrumi.fr\/?p=3772#primaryimage"},"thumbnailUrl":"https:\/\/ecobrumi.fr\/wp-content\/uploads\/2019\/10\/Apr\u00e8s-le-mois-de-juillet-le-plus-chaud-de-son.JPG","datePublished":"2019-10-22T19:05:38+00:00","dateModified":"2019-10-22T19:05:40+00:00","author":{"@id":"https:\/\/ecobrumi.fr\/#\/schema\/person\/6837dcc528e538cf37ba3880ad30252b"},"inLanguage":"fr-FR","potentialAction":[{"@type":"ReadAction","target":["https:\/\/ecobrumi.fr\/?p=3772"]}]},{"@type":"ImageObject","inLanguage":"fr-FR","@id":"https:\/\/ecobrumi.fr\/?p=3772#primaryimage","url":"https:\/\/ecobrumi.fr\/wp-content\/uploads\/2019\/10\/Apr\u00e8s-le-mois-de-juillet-le-plus-chaud-de-son.JPG","contentUrl":"https:\/\/ecobrumi.fr\/wp-content\/uploads\/2019\/10\/Apr\u00e8s-le-mois-de-juillet-le-plus-chaud-de-son.JPG","width":1080,"height":720},{"@type":"WebSite","@id":"https:\/\/ecobrumi.fr\/#website","url":"https:\/\/ecobrumi.fr\/","name":"Ecobrumi","description":"","potentialAction":[{"@type":"SearchAction","target":{"@type":"EntryPoint","urlTemplate":"https:\/\/ecobrumi.fr\/?s={search_term_string}"},"query-input":{"@type":"PropertyValueSpecification","valueRequired":true,"valueName":"search_term_string"}}],"inLanguage":"fr-FR"},{"@type":"Person","@id":"https:\/\/ecobrumi.fr\/#\/schema\/person\/6837dcc528e538cf37ba3880ad30252b","name":"Ecobrumi","image":{"@type":"ImageObject","inLanguage":"fr-FR","@id":"https:\/\/secure.gravatar.com\/avatar\/c0ec8d6c4e60097aea4eb4371f86a4e2c87ccd706d05afb6224f73522aacf1c5?s=96&d=mm&r=g","url":"https:\/\/secure.gravatar.com\/avatar\/c0ec8d6c4e60097aea4eb4371f86a4e2c87ccd706d05afb6224f73522aacf1c5?s=96&d=mm&r=g","contentUrl":"https:\/\/secure.gravatar.com\/avatar\/c0ec8d6c4e60097aea4eb4371f86a4e2c87ccd706d05afb6224f73522aacf1c5?s=96&d=mm&r=g","caption":"Ecobrumi"}}]}},"_links":{"self":[{"href":"https:\/\/ecobrumi.fr\/index.php?rest_route=\/wp\/v2\/posts\/3772","targetHints":{"allow":["GET"]}}],"collection":[{"href":"https:\/\/ecobrumi.fr\/index.php?rest_route=\/wp\/v2\/posts"}],"about":[{"href":"https:\/\/ecobrumi.fr\/index.php?rest_route=\/wp\/v2\/types\/post"}],"author":[{"embeddable":true,"href":"https:\/\/ecobrumi.fr\/index.php?rest_route=\/wp\/v2\/users\/1"}],"replies":[{"embeddable":true,"href":"https:\/\/ecobrumi.fr\/index.php?rest_route=%2Fwp%2Fv2%2Fcomments&post=3772"}],"version-history":[{"count":1,"href":"https:\/\/ecobrumi.fr\/index.php?rest_route=\/wp\/v2\/posts\/3772\/revisions"}],"predecessor-version":[{"id":3774,"href":"https:\/\/ecobrumi.fr\/index.php?rest_route=\/wp\/v2\/posts\/3772\/revisions\/3774"}],"wp:featuredmedia":[{"embeddable":true,"href":"https:\/\/ecobrumi.fr\/index.php?rest_route=\/wp\/v2\/media\/3773"}],"wp:attachment":[{"href":"https:\/\/ecobrumi.fr\/index.php?rest_route=%2Fwp%2Fv2%2Fmedia&parent=3772"}],"wp:term":[{"taxonomy":"category","embeddable":true,"href":"https:\/\/ecobrumi.fr\/index.php?rest_route=%2Fwp%2Fv2%2Fcategories&post=3772"},{"taxonomy":"post_tag","embeddable":true,"href":"https:\/\/ecobrumi.fr\/index.php?rest_route=%2Fwp%2Fv2%2Ftags&post=3772"}],"curies":[{"name":"wp","href":"https:\/\/api.w.org\/{rel}","templated":true}]}}