{"id":3953,"date":"2019-11-08T11:05:10","date_gmt":"2019-11-08T10:05:10","guid":{"rendered":"https:\/\/ecobrumi.fr\/?p=3953"},"modified":"2019-11-08T11:05:10","modified_gmt":"2019-11-08T10:05:10","slug":"les-tempetes-feroces-du-centre-de-la-floride-se-terminent-la-chaleur-continue","status":"publish","type":"post","link":"https:\/\/ecobrumi.fr\/?p=3953","title":{"rendered":"Les temp\u00eates f\u00e9roces du centre de la Floride se terminent; la chaleur continue"},"content":{"rendered":"<p><\/p>\n<div>\n<p><!-- begin: MIXED MEDIA (CAROUSEL) --><\/p>\n<p><!-- end: MIXED MEDIA (CAROUSEL) --><\/p>\n<p>\t\t\t<!-- begin: UI SOCIAL --><\/p>\n<div class=\"sticky-spacer unstuck\">\n<ul class=\"ui-social ui-social-redesign\">\n<p>\n\t\t\t<span class=\"nativeShareCount\" id=\"nativeShareCount_963521983\" style=\"display:none\">0<\/span>\n\t\t<\/p>\n<p>  <a href=\"#\" class=\"twitter-share sharing-article-963521983\" data-share-url=\"https:\/\/twitter.com\/intent\/tweet?text=Fierce+Central+Florida+storms+come+to+end%3B+heat+continues&#038;url=https%3A%2F%2Fat.wftv.com%2F30doUQq&#038;via=WFTV\"><i class=\"ep-icon-twitter\"\/><\/a><\/p>\n<div class=\"social-headline\">\n            <span class=\"align-headline\"><\/p>\n<p>Les temp\u00eates f\u00e9roces du centre de la Floride se terminent; la chaleur continue<\/p>\n<p>            <\/span>\n        <\/div>\n<\/ul>\n<\/div>\n<p>\t\t\t<!-- end: UI SOCIAL --><\/p>\n<p>\t\t\t<!-- begin: STORY HIGHLIGHTS MODULE --><br \/>\n\t\t\t\t\t\t\t\t\t\t    \t\t\t\t\t\t<!-- end: STORY HIGHLIGHTS MODULE --><\/p>\n<p>                <!-- related story headlines starts --><br \/>\n                        <!-- related story headlines ends --><\/p>\n<p style=\"margin:0in 0in 0.0001pt\"><span style=\"font-size:14px;\"><span style=\"font-family:Arial,Helvetica,sans-serif;\">Les indices de chaleur se situaient entre 106 et 110 degr\u00e9s mercredi dans la Floride centrale. Le National Weather Service Office de Melbourne a \u00e9mis un avis de chaleur qui s&#39;appliquera \u00e0 Volusia, \u00e0 Orange, \u00e0 Seminole, \u00e0 Lake, \u00e0 Marion, \u00e0 Polk, \u00e0 Osceola, \u00e0 Sumter et au nord de Brevard jusqu&#39;\u00e0 19 heures. Mercredi. <\/span><\/span><\/p>\n<p style=\"margin:0in 0in 0.0001pt\">\n<p style=\"margin:0in 0in 0.0001pt\"><span style=\"font-size:14px;\"><span style=\"font-family:Arial,Helvetica,sans-serif;\">Apr\u00e8s de violentes temp\u00eates mercredi mercredi apr\u00e8s-midi, la plupart d\u2019entre elles ont pris fin \u00e0 20 heures. Les temp\u00eates ont l\u00e9g\u00e8rement apais\u00e9 certains endroits o\u00f9 les temp\u00e9ratures \u00e9taient comprises entre le milieu et le haut des ann\u00e9es 90. Des \u00e9clairs et des vents soufflant en rafales ont balay\u00e9 certaines villes. La plupart des temp\u00eates n&#39;ont pas beaucoup boug\u00e9, ce qui a entra\u00een\u00e9 de l\u00e9g\u00e8res inondations.<\/span><\/span><\/p>\n<p style=\"margin:0in 0in 0.0001pt\">\n<p style=\"margin:0in 0in 0.0001pt\"><span style=\"font-size:14px;\"><span style=\"font-family:Arial,Helvetica,sans-serif;\"><strong style=\"font-size: 14px; font-family: Arial, Helvetica, sans-serif;\">T\u00e9l\u00e9chargez l&#39;application m\u00e9t\u00e9o WFTV | Heure par heure dans votre ville<\/strong><\/span><\/span><\/p>\n<p style=\"margin:0in 0in 0.0001pt\">\n<p style=\"margin:0in 0in 0.0001pt\">\n<blockquote class=\"twitter-tweet\" data-partner=\"tweetdeck\">\n<p dir=\"ltr\" lang=\"en\"><strong style=\"font-size: 14px; font-family: Arial, Helvetica, sans-serif;\"><a href=\"https:\/\/twitter.com\/hashtag\/RightNow?src=hash&#038;ref_src=twsrc%5Etfw\">#Maintenant<\/a>: Temp\u00eates traversant Winter Springs. <a href=\"https:\/\/twitter.com\/hashtag\/WFTV?src=hash&#038;ref_src=twsrc%5Etfw\">#WFTV<\/a> <a href=\"https:\/\/twitter.com\/hashtag\/Stormalert9?src=hash&#038;ref_src=twsrc%5Etfw\"># Stormalert9<\/a> <a href=\"https:\/\/t.co\/Dja2vRfADQ\">pic.twitter.com\/Dja2vRfADQ<\/a><\/strong><\/p>\n<p><strong style=\"font-size: 14px; font-family: Arial, Helvetica, sans-serif;\">&#8211; Jeff Levkulich (@jlevkulichWFTV) <a href=\"https:\/\/twitter.com\/jlevkulichWFTV\/status\/1146541754264489984?ref_src=twsrc%5Etfw\">3 juillet 2019<\/a><\/strong><\/p><\/blockquote>\n<blockquote class=\"twitter-tweet\" data-lang=\"en\">\n<p dir=\"ltr\" lang=\"en\">Il n&#39;arr\u00eate pas de pleuvoir abondamment depuis 45 minutes \u00e0 Winter Springs! <a href=\"https:\/\/twitter.com\/hashtag\/stormalert9?src=hash&#038;ref_src=twsrc%5Etfw\"># stormalert9<\/a> <a href=\"https:\/\/twitter.com\/hashtag\/wftv?src=hash&#038;ref_src=twsrc%5Etfw\">#wftv<\/a> <a href=\"https:\/\/twitter.com\/WFTVWeather?ref_src=twsrc%5Etfw\">@WFTVWeather<\/a> <a href=\"https:\/\/t.co\/uFiznSE55n\">pic.twitter.com\/uFiznSE55n<\/a><\/p>\n<p>&#8211; Kenny Gibson (@ KGibsonTV9) <a href=\"https:\/\/twitter.com\/KGibsonTV9\/status\/1146549758963658752?ref_src=twsrc%5Etfw\">3 juillet 2019<\/a><\/p><\/blockquote>\n<p style=\"margin:0in 0in 0.0001pt\"><span style=\"font-size:14px;\"><span style=\"font-family:Arial,Helvetica,sans-serif;\">La temp\u00e9rature maximale officielle \u00e0 l&#39;a\u00e9roport international d&#39;Orlando atteignait 96 degr\u00e9s. \u00c0 Dayotna Beach, elle atteignait 95 degr\u00e9s et Melbourne \u00e0 93 degr\u00e9s. Mais les indices de chaleur dans le centre de la Floride \u00e9taient proches de 112 pour certains points. Cette chaleur extr\u00eame est dangereuse, en particulier pour les enfants, les personnes \u00e2g\u00e9es et ceux effectuant des activit\u00e9s \u00e9puisantes \u00e0 l&#39;ext\u00e9rieur. <\/span><\/span><\/p>\n<p style=\"margin:0in 0in 0.0001pt\">\n<p style=\"margin:0in 0in 0.0001pt\"><span style=\"font-size:14px;\"><span style=\"font-family:Arial,Helvetica,sans-serif;\">Il est conseill\u00e9 de rester dans des endroits climatis\u00e9s ou de prendre de l&#39;ombre souvent si vous travaillez \u00e0 l&#39;ext\u00e9rieur. Rester hydrat\u00e9 toute la journ\u00e9e est crucial. N&#39;attendez pas d&#39;avoir soif pour boire de l&#39;eau, car il est peut-\u00eatre trop tard et vous \u00eates probablement d\u00e9j\u00e0 d\u00e9shydrat\u00e9. <\/span><\/span><span style=\"font-size:14px;\"><span style=\"font-family:Arial,Helvetica,sans-serif;\">Habillez-vous dans des v\u00eatements amples de couleurs claires. Manger des repas l\u00e9gers aide votre corps \u00e0 rester plus frais. Essayez de limiter les activit\u00e9s en plein air pendant les heures de pointe, entre 12 heures du soir. et 16 heures <\/span><\/span><\/p>\n<p style=\"margin:0in 0in 0.0001pt\">\n<p style=\"margin:0in 0in 0.0001pt\"><span style=\"font-size:14px;\"><span style=\"font-family:Arial,Helvetica,sans-serif;\">La Floride est chaude, surtout en \u00e9t\u00e9. Mais il est rare d\u2019\u00eatre sous avis de chaleur g\u00e9n\u00e9ralis\u00e9. <\/span><\/span><\/p>\n<p style=\"margin:0in 0in 0.0001pt\"><span style=\"font-size:14px;\"><span style=\"font-family:Arial,Helvetica,sans-serif;\">En fait, la derni\u00e8re fois que les comt\u00e9s d\u2019Orange, de Volusia, de Seminole et d\u2019Osceola ont fait l\u2019objet d\u2019un avis de chaleur, c\u2019est le 16 juin 2010. En tenant compte de cet \u00e9v\u00e9nement, sept avis de chaleur seulement ont \u00e9t\u00e9 \u00e9mis depuis 2005. Trois jours cons\u00e9cutifs \u00e0 compter du 20 juin 2009, des avis de chaleur ont \u00e9t\u00e9 \u00e9mis pour la plupart, sinon tous, les comt\u00e9s du centre-est de la Floride.<\/span><\/span><\/p>\n<p style=\"margin:0in 0in 0.0001pt\">\n<p style=\"margin: 0in 0in 0.0001pt; text-align: center;\"><strong><span style=\"font-size:14px;\"><span style=\"font-family:Arial,Helvetica,sans-serif;\">Conna\u00eetre la diff\u00e9rence entre l&#39;\u00e9puisement par la chaleur et le coup de chaleur.<br \/>Si vous ou une de vos connaissances subissez un coup de chaleur, appelez imm\u00e9diatement le 911. <\/span><\/span><\/strong><\/p>\n<p style=\"margin:0in 0in 0.0001pt\">\n<p style=\"margin:0in 0in 0.0001pt\"><span style=\"font-size:14px;\"><span style=\"font-family:Arial,Helvetica,sans-serif;\">Les temp\u00eates de l&#39;apr\u00e8s-midi pourraient apporter un l\u00e9ger soulagement pour certains mercredi, mais elles ne seront pas g\u00e9n\u00e9ralis\u00e9es. La majeure partie du centre de la Floride restera donc avec la chaleur dangereuse en place. Les orages affecteront principalement les zones int\u00e9rieures apr\u00e8s 14h.<\/span><\/span><\/p>\n<p style=\"margin:0in 0in 0.0001pt\"><span style=\"font-size:14px;\"><span style=\"font-family:Arial,Helvetica,sans-serif;\">Attendez-vous \u00e0 une nuit chaude, avec des temp\u00e9ratures basses qui peinent \u00e0 chuter dans les ann\u00e9es 70 et un ciel partiellement nuageux.<\/span><\/span><\/p>\n<p style=\"margin:0in 0in 0.0001pt\">\n<p style=\"margin:0in 0in 0.0001pt\"><span style=\"font-family:Arial,Helvetica,sans-serif;\"><span style=\"font-size:14px;\"><strong>Astuces: Battre la chaleur<\/strong><\/span><\/span><\/p>\n<p style=\"margin:0in 0in 0.0001pt\">\n<p style=\"margin:0in 0in 0.0001pt\"><span style=\"font-family:Arial,Helvetica,sans-serif;\"><span style=\"font-size:14px;\">Sur la plage, les courants de retour sont mod\u00e9r\u00e9s. <\/span><\/span><\/p>\n<p style=\"margin:0in 0in 0.0001pt\">\n<p style=\"margin:0in 0in 0.0001pt\"><span style=\"font-family:Arial,Helvetica,sans-serif;\"><span style=\"font-size:14px;\"><strong>Surveillez vos pr\u00e9visions \u00e0 5 jours ci-dessous:<\/strong><\/span><\/span><\/p>\n<p style=\"margin:0in 0in 0.0001pt\">\n<p style=\"margin:0in 0in 0.0001pt\"><span style=\"font-family:Arial,Helvetica,sans-serif;\"><span style=\"font-size:14px;\"><strong>Regarder en direct: Doppler 9 HD | Mises \u00e0 jour en direct sur Eyewitness News<\/strong><\/span><\/span><\/p>\n<blockquote class=\"twitter-tweet\" data-lang=\"en\">\n<p dir=\"ltr\" lang=\"en\">Floride: Ce pourrait \u00eatre notre jour le plus chaud depuis des ann\u00e9es. Soyez prudent! \ud83c\udf34\ud83e\udd75 Live on 9 &#8230; <a href=\"https:\/\/t.co\/y3XEIXhU7J\">pic.twitter.com\/y3XEIXhU7J<\/a><\/p>\n<p>&#8211; Brian Shields (@BShieldsWFTV) <a href=\"https:\/\/twitter.com\/BShieldsWFTV\/status\/1146342152324210688?ref_src=twsrc%5Etfw\">3 juillet 2019<\/a><\/p><\/blockquote>\n<p><span style=\"font-size:14px;\"><span style=\"font-family:Arial,Helvetica,sans-serif;\"><strong>Suivez notre \u00e9quipe de m\u00e9t\u00e9o s\u00e9v\u00e8re sur Twitter pour les mises \u00e0 jour en direct:<\/strong><\/span><\/span><\/p>\n<hr\/>\n<p><span style=\"font-size:14px;\"><span style=\"font-family:Arial,Helvetica,sans-serif;\"><\/span><\/span><\/p>\n<hr\/>\n<p class=\"copyright\">\u00a9 2019 Cox Media Group.<\/p>\n<\/p><\/div>\n<p><script async src=\"http:\/\/platform.twitter.com\/widgets.js\" charset=\"utf-8\"><\/script><script>(function(d, s, id) {\n  var js, fjs = d.getElementsByTagName(s)(0);\n  if (d.getElementById(id)) return;\n  js = d.createElement(s); js.id = id;\n  js.src = \"http:\/\/connect.facebook.net\/en_US\/all.js#xfbml=1\";\n  fjs.parentNode.insertBefore(js, fjs);\n}(document, 'script', 'facebook-jssdk'));\n<\/script><\/pre>\n","protected":false},"excerpt":{"rendered":"<div class=\"mh-excerpt\"><p>0 Les temp\u00eates f\u00e9roces du centre de la Floride se terminent; la chaleur continue Les indices de chaleur se situaient entre 106 et 110 degr\u00e9s <a class=\"mh-excerpt-more\" href=\"https:\/\/ecobrumi.fr\/?p=3953\" title=\"Les temp\u00eates f\u00e9roces du centre de la Floride se terminent; la chaleur continue\">[&#8230;]<\/a><\/p>\n<\/div>","protected":false},"author":1,"featured_media":2839,"comment_status":"closed","ping_status":"closed","sticky":false,"template":"","format":"standard","meta":{"footnotes":""},"categories":[1],"tags":[],"class_list":["post-3953","post","type-post","status-publish","format-standard","has-post-thumbnail","hentry","category-non-classe"],"yoast_head":"<!-- This site is optimized with the Yoast SEO plugin v28.4 - https:\/\/yoast.com\/product\/yoast-seo-wordpress\/ -->\n<title>Les temp\u00eates f\u00e9roces du centre de la Floride se terminent; la chaleur continue - Ecobrumi<\/title>\n<meta name=\"robots\" content=\"index, follow, max-snippet:-1, max-image-preview:large, max-video-preview:-1\" \/>\n<link rel=\"canonical\" href=\"https:\/\/ecobrumi.fr\/?p=3953\" \/>\n<meta property=\"og:locale\" content=\"fr_FR\" \/>\n<meta property=\"og:type\" content=\"article\" \/>\n<meta property=\"og:title\" content=\"Les temp\u00eates f\u00e9roces du centre de la Floride se terminent; la chaleur continue - Ecobrumi\" \/>\n<meta property=\"og:description\" content=\"0 Les temp\u00eates f\u00e9roces du centre de la Floride se terminent; la chaleur continue Les indices de chaleur se situaient entre 106 et 110 degr\u00e9s [...]\" \/>\n<meta property=\"og:url\" content=\"https:\/\/ecobrumi.fr\/?p=3953\" \/>\n<meta property=\"og:site_name\" content=\"Ecobrumi\" \/>\n<meta property=\"article:published_time\" content=\"2019-11-08T10:05:10+00:00\" \/>\n<meta property=\"og:image\" content=\"https:\/\/ecobrumi.fr\/wp-content\/uploads\/2019\/08\/RADAR-EN-DIRECT-des-avertissements-d39orages-violents-sont-\u00e9mis-dans.jpg\" \/>\n\t<meta property=\"og:image:width\" content=\"537\" \/>\n\t<meta property=\"og:image:height\" content=\"108\" \/>\n\t<meta property=\"og:image:type\" content=\"image\/jpeg\" \/>\n<meta name=\"author\" content=\"Ecobrumi\" \/>\n<meta name=\"twitter:card\" content=\"summary_large_image\" \/>\n<meta name=\"twitter:label1\" content=\"\u00c9crit par\" \/>\n\t<meta name=\"twitter:data1\" content=\"Ecobrumi\" \/>\n\t<meta name=\"twitter:label2\" content=\"Dur\u00e9e de lecture estim\u00e9e\" \/>\n\t<meta name=\"twitter:data2\" content=\"3 minutes\" \/>\n<script type=\"application\/ld+json\" class=\"yoast-schema-graph\">{\"@context\":\"https:\\\/\\\/schema.org\",\"@graph\":[{\"@type\":\"Article\",\"@id\":\"https:\\\/\\\/ecobrumi.fr\\\/?p=3953#article\",\"isPartOf\":{\"@id\":\"https:\\\/\\\/ecobrumi.fr\\\/?p=3953\"},\"author\":{\"name\":\"Ecobrumi\",\"@id\":\"https:\\\/\\\/ecobrumi.fr\\\/#\\\/schema\\\/person\\\/6837dcc528e538cf37ba3880ad30252b\"},\"headline\":\"Les temp\u00eates f\u00e9roces du centre de la Floride se terminent; la chaleur continue\",\"datePublished\":\"2019-11-08T10:05:10+00:00\",\"mainEntityOfPage\":{\"@id\":\"https:\\\/\\\/ecobrumi.fr\\\/?p=3953\"},\"wordCount\":656,\"image\":{\"@id\":\"https:\\\/\\\/ecobrumi.fr\\\/?p=3953#primaryimage\"},\"thumbnailUrl\":\"https:\\\/\\\/ecobrumi.fr\\\/wp-content\\\/uploads\\\/2019\\\/08\\\/RADAR-EN-DIRECT-des-avertissements-d39orages-violents-sont-\u00e9mis-dans.jpg\",\"inLanguage\":\"fr-FR\"},{\"@type\":\"WebPage\",\"@id\":\"https:\\\/\\\/ecobrumi.fr\\\/?p=3953\",\"url\":\"https:\\\/\\\/ecobrumi.fr\\\/?p=3953\",\"name\":\"Les temp\u00eates f\u00e9roces du centre de la Floride se terminent; la chaleur continue - Ecobrumi\",\"isPartOf\":{\"@id\":\"https:\\\/\\\/ecobrumi.fr\\\/#website\"},\"primaryImageOfPage\":{\"@id\":\"https:\\\/\\\/ecobrumi.fr\\\/?p=3953#primaryimage\"},\"image\":{\"@id\":\"https:\\\/\\\/ecobrumi.fr\\\/?p=3953#primaryimage\"},\"thumbnailUrl\":\"https:\\\/\\\/ecobrumi.fr\\\/wp-content\\\/uploads\\\/2019\\\/08\\\/RADAR-EN-DIRECT-des-avertissements-d39orages-violents-sont-\u00e9mis-dans.jpg\",\"datePublished\":\"2019-11-08T10:05:10+00:00\",\"author\":{\"@id\":\"https:\\\/\\\/ecobrumi.fr\\\/#\\\/schema\\\/person\\\/6837dcc528e538cf37ba3880ad30252b\"},\"inLanguage\":\"fr-FR\",\"potentialAction\":[{\"@type\":\"ReadAction\",\"target\":[\"https:\\\/\\\/ecobrumi.fr\\\/?p=3953\"]}]},{\"@type\":\"ImageObject\",\"inLanguage\":\"fr-FR\",\"@id\":\"https:\\\/\\\/ecobrumi.fr\\\/?p=3953#primaryimage\",\"url\":\"https:\\\/\\\/ecobrumi.fr\\\/wp-content\\\/uploads\\\/2019\\\/08\\\/RADAR-EN-DIRECT-des-avertissements-d39orages-violents-sont-\u00e9mis-dans.jpg\",\"contentUrl\":\"https:\\\/\\\/ecobrumi.fr\\\/wp-content\\\/uploads\\\/2019\\\/08\\\/RADAR-EN-DIRECT-des-avertissements-d39orages-violents-sont-\u00e9mis-dans.jpg\",\"width\":537,\"height\":108},{\"@type\":\"WebSite\",\"@id\":\"https:\\\/\\\/ecobrumi.fr\\\/#website\",\"url\":\"https:\\\/\\\/ecobrumi.fr\\\/\",\"name\":\"Ecobrumi\",\"description\":\"\",\"potentialAction\":[{\"@type\":\"SearchAction\",\"target\":{\"@type\":\"EntryPoint\",\"urlTemplate\":\"https:\\\/\\\/ecobrumi.fr\\\/?s={search_term_string}\"},\"query-input\":{\"@type\":\"PropertyValueSpecification\",\"valueRequired\":true,\"valueName\":\"search_term_string\"}}],\"inLanguage\":\"fr-FR\"},{\"@type\":\"Person\",\"@id\":\"https:\\\/\\\/ecobrumi.fr\\\/#\\\/schema\\\/person\\\/6837dcc528e538cf37ba3880ad30252b\",\"name\":\"Ecobrumi\",\"image\":{\"@type\":\"ImageObject\",\"inLanguage\":\"fr-FR\",\"@id\":\"https:\\\/\\\/secure.gravatar.com\\\/avatar\\\/c0ec8d6c4e60097aea4eb4371f86a4e2c87ccd706d05afb6224f73522aacf1c5?s=96&d=mm&r=g\",\"url\":\"https:\\\/\\\/secure.gravatar.com\\\/avatar\\\/c0ec8d6c4e60097aea4eb4371f86a4e2c87ccd706d05afb6224f73522aacf1c5?s=96&d=mm&r=g\",\"contentUrl\":\"https:\\\/\\\/secure.gravatar.com\\\/avatar\\\/c0ec8d6c4e60097aea4eb4371f86a4e2c87ccd706d05afb6224f73522aacf1c5?s=96&d=mm&r=g\",\"caption\":\"Ecobrumi\"}}]}<\/script>\n<!-- \/ Yoast SEO plugin. -->","yoast_head_json":{"title":"Les temp\u00eates f\u00e9roces du centre de la Floride se terminent; la chaleur continue - Ecobrumi","robots":{"index":"index","follow":"follow","max-snippet":"max-snippet:-1","max-image-preview":"max-image-preview:large","max-video-preview":"max-video-preview:-1"},"canonical":"https:\/\/ecobrumi.fr\/?p=3953","og_locale":"fr_FR","og_type":"article","og_title":"Les temp\u00eates f\u00e9roces du centre de la Floride se terminent; la chaleur continue - Ecobrumi","og_description":"0 Les temp\u00eates f\u00e9roces du centre de la Floride se terminent; la chaleur continue Les indices de chaleur se situaient entre 106 et 110 degr\u00e9s [...]","og_url":"https:\/\/ecobrumi.fr\/?p=3953","og_site_name":"Ecobrumi","article_published_time":"2019-11-08T10:05:10+00:00","og_image":[{"width":537,"height":108,"url":"https:\/\/ecobrumi.fr\/wp-content\/uploads\/2019\/08\/RADAR-EN-DIRECT-des-avertissements-d39orages-violents-sont-\u00e9mis-dans.jpg","type":"image\/jpeg"}],"author":"Ecobrumi","twitter_card":"summary_large_image","twitter_misc":{"\u00c9crit par":"Ecobrumi","Dur\u00e9e de lecture estim\u00e9e":"3 minutes"},"schema":{"@context":"https:\/\/schema.org","@graph":[{"@type":"Article","@id":"https:\/\/ecobrumi.fr\/?p=3953#article","isPartOf":{"@id":"https:\/\/ecobrumi.fr\/?p=3953"},"author":{"name":"Ecobrumi","@id":"https:\/\/ecobrumi.fr\/#\/schema\/person\/6837dcc528e538cf37ba3880ad30252b"},"headline":"Les temp\u00eates f\u00e9roces du centre de la Floride se terminent; la chaleur continue","datePublished":"2019-11-08T10:05:10+00:00","mainEntityOfPage":{"@id":"https:\/\/ecobrumi.fr\/?p=3953"},"wordCount":656,"image":{"@id":"https:\/\/ecobrumi.fr\/?p=3953#primaryimage"},"thumbnailUrl":"https:\/\/ecobrumi.fr\/wp-content\/uploads\/2019\/08\/RADAR-EN-DIRECT-des-avertissements-d39orages-violents-sont-\u00e9mis-dans.jpg","inLanguage":"fr-FR"},{"@type":"WebPage","@id":"https:\/\/ecobrumi.fr\/?p=3953","url":"https:\/\/ecobrumi.fr\/?p=3953","name":"Les temp\u00eates f\u00e9roces du centre de la Floride se terminent; la chaleur continue - Ecobrumi","isPartOf":{"@id":"https:\/\/ecobrumi.fr\/#website"},"primaryImageOfPage":{"@id":"https:\/\/ecobrumi.fr\/?p=3953#primaryimage"},"image":{"@id":"https:\/\/ecobrumi.fr\/?p=3953#primaryimage"},"thumbnailUrl":"https:\/\/ecobrumi.fr\/wp-content\/uploads\/2019\/08\/RADAR-EN-DIRECT-des-avertissements-d39orages-violents-sont-\u00e9mis-dans.jpg","datePublished":"2019-11-08T10:05:10+00:00","author":{"@id":"https:\/\/ecobrumi.fr\/#\/schema\/person\/6837dcc528e538cf37ba3880ad30252b"},"inLanguage":"fr-FR","potentialAction":[{"@type":"ReadAction","target":["https:\/\/ecobrumi.fr\/?p=3953"]}]},{"@type":"ImageObject","inLanguage":"fr-FR","@id":"https:\/\/ecobrumi.fr\/?p=3953#primaryimage","url":"https:\/\/ecobrumi.fr\/wp-content\/uploads\/2019\/08\/RADAR-EN-DIRECT-des-avertissements-d39orages-violents-sont-\u00e9mis-dans.jpg","contentUrl":"https:\/\/ecobrumi.fr\/wp-content\/uploads\/2019\/08\/RADAR-EN-DIRECT-des-avertissements-d39orages-violents-sont-\u00e9mis-dans.jpg","width":537,"height":108},{"@type":"WebSite","@id":"https:\/\/ecobrumi.fr\/#website","url":"https:\/\/ecobrumi.fr\/","name":"Ecobrumi","description":"","potentialAction":[{"@type":"SearchAction","target":{"@type":"EntryPoint","urlTemplate":"https:\/\/ecobrumi.fr\/?s={search_term_string}"},"query-input":{"@type":"PropertyValueSpecification","valueRequired":true,"valueName":"search_term_string"}}],"inLanguage":"fr-FR"},{"@type":"Person","@id":"https:\/\/ecobrumi.fr\/#\/schema\/person\/6837dcc528e538cf37ba3880ad30252b","name":"Ecobrumi","image":{"@type":"ImageObject","inLanguage":"fr-FR","@id":"https:\/\/secure.gravatar.com\/avatar\/c0ec8d6c4e60097aea4eb4371f86a4e2c87ccd706d05afb6224f73522aacf1c5?s=96&d=mm&r=g","url":"https:\/\/secure.gravatar.com\/avatar\/c0ec8d6c4e60097aea4eb4371f86a4e2c87ccd706d05afb6224f73522aacf1c5?s=96&d=mm&r=g","contentUrl":"https:\/\/secure.gravatar.com\/avatar\/c0ec8d6c4e60097aea4eb4371f86a4e2c87ccd706d05afb6224f73522aacf1c5?s=96&d=mm&r=g","caption":"Ecobrumi"}}]}},"_links":{"self":[{"href":"https:\/\/ecobrumi.fr\/index.php?rest_route=\/wp\/v2\/posts\/3953","targetHints":{"allow":["GET"]}}],"collection":[{"href":"https:\/\/ecobrumi.fr\/index.php?rest_route=\/wp\/v2\/posts"}],"about":[{"href":"https:\/\/ecobrumi.fr\/index.php?rest_route=\/wp\/v2\/types\/post"}],"author":[{"embeddable":true,"href":"https:\/\/ecobrumi.fr\/index.php?rest_route=\/wp\/v2\/users\/1"}],"replies":[{"embeddable":true,"href":"https:\/\/ecobrumi.fr\/index.php?rest_route=%2Fwp%2Fv2%2Fcomments&post=3953"}],"version-history":[{"count":1,"href":"https:\/\/ecobrumi.fr\/index.php?rest_route=\/wp\/v2\/posts\/3953\/revisions"}],"predecessor-version":[{"id":3954,"href":"https:\/\/ecobrumi.fr\/index.php?rest_route=\/wp\/v2\/posts\/3953\/revisions\/3954"}],"wp:featuredmedia":[{"embeddable":true,"href":"https:\/\/ecobrumi.fr\/index.php?rest_route=\/wp\/v2\/media\/2839"}],"wp:attachment":[{"href":"https:\/\/ecobrumi.fr\/index.php?rest_route=%2Fwp%2Fv2%2Fmedia&parent=3953"}],"wp:term":[{"taxonomy":"category","embeddable":true,"href":"https:\/\/ecobrumi.fr\/index.php?rest_route=%2Fwp%2Fv2%2Fcategories&post=3953"},{"taxonomy":"post_tag","embeddable":true,"href":"https:\/\/ecobrumi.fr\/index.php?rest_route=%2Fwp%2Fv2%2Ftags&post=3953"}],"curies":[{"name":"wp","href":"https:\/\/api.w.org\/{rel}","templated":true}]}}