{"id":5069,"date":"2020-03-27T01:19:47","date_gmt":"2020-03-27T00:19:47","guid":{"rendered":"https:\/\/ecobrumi.fr\/?p=5069"},"modified":"2020-03-27T01:19:48","modified_gmt":"2020-03-27T00:19:48","slug":"temecula-winery-reduit-son-personnel-et-reduit-ses-operations-en-cas-durgence-liee-au-coronavirus","status":"publish","type":"post","link":"https:\/\/ecobrumi.fr\/?p=5069","title":{"rendered":"Temecula Winery r\u00e9duit son personnel et r\u00e9duit ses op\u00e9rations en cas d&#39;urgence li\u00e9e au coronavirus"},"content":{"rendered":"<p><\/p>\n<div>\n<p>\t\t\t\t\t\tPartagez cet article:<\/p>\n<p>Un \u00e9tablissement vinicole de la vall\u00e9e de Temecula qui \u00e9tait sur le rythme pour une ann\u00e9e record a ferm\u00e9 la plupart des op\u00e9rations, r\u00e9duisant le personnel et les services, face \u00e0 la nouvelle pand\u00e9mie de coronavirus, mais son PDG a exprim\u00e9 sa confiance mercredi que le vigneron survivra.<\/p>\n<p>&quot;Je n&#39;ai pas peur de perdre cette entreprise&quot;, a d\u00e9clar\u00e9 Bill Wilson de Wilson Creek Winery &amp; Vineyards \u00e0 City News Service. &quot;Nous avons juste besoin de nous accrocher jusqu&#39;\u00e0 ce que nous puissions red\u00e9marrer.&quot;<\/p>\n<p>La cave fait partie des 46 vignerons \u00e9tablis de la vall\u00e9e de Temecula qui ont ferm\u00e9 leurs portes \u00e0 la plupart des repas en salle et ont annul\u00e9 les \u00e9v\u00e9nements \u00e0 la suite de la proclamation d&#39;urgence du gouverneur Gavin Newsom la semaine derni\u00e8re ordonnant aux entreprises \u00abnon essentielles\u00bb de passer au t\u00e9l\u00e9travail et aux personnes de rester \u00e0 la maison comme autant que possible pour limiter les risques d&#39;exposition au COVID-19.<\/p>\n<p>Le d\u00e9cret est intervenu quelques jours seulement apr\u00e8s que le Dr Cameron Kaiser, responsable de la sant\u00e9 publique du comt\u00e9 de Riverside, a publi\u00e9 une directive limitant les rassemblements \u00e0 10 personnes ou moins n&#39;importe o\u00f9 et \u00e0 tout moment dans tout le comt\u00e9.<\/p>\n<p>&quot;C\u2019\u00e9tait comme un match d\u2019\u00e9checs, nous essayons de suivre ce que fait le gouvernement&quot;, a d\u00e9clar\u00e9 Wilson. \u00abNous faisions des plans, puis les changions. Nous avons donc finalement d\u00e9cid\u00e9 de tout fermer sauf nos commandes de plats \u00e0 emporter. Nous n&#39;avons presque pas continu\u00e9 comme \u00e7a, mais maintenant que l&#39;hyst\u00e9rie s&#39;est quelque peu calm\u00e9e et que nous avons une sorte de nouvelle norme, qui est encore folle, nous permettons des collectes de nos produits sur le trottoir. &quot;<\/p>\n<p>Selon Wilson, qui partage la propri\u00e9t\u00e9 de la cave avec ses parents et d&#39;autres membres de la famille, le volume des ventes et l&#39;activit\u00e9 sur place se sont d\u00e9roul\u00e9s \u00e0 un rythme ph\u00e9nom\u00e9nal, d\u00e9passant de loin les niveaux record fix\u00e9s au cours de la m\u00eame p\u00e9riode en 2019, alors qu&#39;au d\u00e9but du mois, \u00ab\u00a0 tous de lui d\u00e9m\u00eal\u00e9. &quot;<\/p>\n<p>&quot;Nous avons eu notre meilleure ann\u00e9e de tous les temps, vraiment notre meilleure ann\u00e9e, et personne ne l&#39;a vu venir&quot;, a-t-il d\u00e9clar\u00e9. &quot;Toutes nos r\u00e9serves vont maintenant minimiser l&#39;impact du virus.&quot;<\/p>\n<p>Selon Wilson, la cave a obtenu une ligne de cr\u00e9dit \u00e9largie pour se prot\u00e9ger contre les chocs financiers. Il a d\u00e9clar\u00e9 que les affaires avaient chut\u00e9 de 90% au cours des derni\u00e8res semaines et que seuls les cadres sup\u00e9rieurs restaient sur place, avec une poign\u00e9e d&#39;employ\u00e9s travaillant \u00e0 domicile.<\/p>\n<p>Il a d\u00e9clar\u00e9 que sur les 252 personnes employ\u00e9es d\u00e9but mars, seulement un tiers environ sont toujours sur la liste de paie.<\/p>\n<p>&quot;Nous essayons de ne pas perturber des vies autant que possible&quot;, a-t-il d\u00e9clar\u00e9. \u00abNous faisons en sorte que certaines de nos personnes les plus \u00e2g\u00e9es fassent des choses qu\u2019elles ne feraient pas autrement, dans les tranch\u00e9es.\u00bb<\/p>\n<p>Wilson a d\u00e9clar\u00e9 que tous les avantages pour la sant\u00e9 des employ\u00e9s sont couverts pour le moment, et il a compris que la cave devrait absorber les prestations de ch\u00f4mage pendant une p\u00e9riode pouvant aller jusqu&#39;\u00e0 quatre mois dans le cadre du plan de relance f\u00e9d\u00e9ral.<\/p>\n<p>&quot;J&#39;esp\u00e8re que nous serons rembours\u00e9s pour cela avec des cr\u00e9dits d&#39;imp\u00f4t&quot;, a-t-il d\u00e9clar\u00e9. &quot;Je n&#39;ai certainement pas ordonn\u00e9 cet arr\u00eat. Nous allions tr\u00e8s bien un jour, puis le lendemain, c&#39;\u00e9tait, &quot;claquez, bamez, arr\u00eatez, bye, bye&quot;.<\/p>\n<p>Concerts, f\u00eates d&#39;anniversaire, mariages et autres c\u00e9l\u00e9brations ont tous \u00e9t\u00e9 supprim\u00e9s du calendrier d&#39;avril.<\/p>\n<p>&quot;C&#39;est triste parce que nous avons travaill\u00e9 dur pour que tout se passe&quot;, a d\u00e9clar\u00e9 Wilson. \u00abCe qui est vraiment mauvais, c&#39;est que, dans le secteur des services comme le n\u00f4tre, les employ\u00e9s d\u00e9pendent de pourboires pour la part du lion de leurs revenus. C&#39;est disparu. Vous ne pouvez pas faire grand chose avec les ventes en ligne et le ramassage en bordure de rue.<\/p>\n<p>Pour les op\u00e9rations toujours en cours, Wilson a d\u00e9clar\u00e9 que la cave observe un ensemble strict de \u00abprotocoles au profit des invit\u00e9s et des membres de l&#39;\u00e9quipe\u00bb.<\/p>\n<p>&quot;L&#39;Am\u00e9rique est r\u00e9siliente, et je pense que ce que le pr\u00e9sident Trump a dit \u00e0 propos du rem\u00e8de \u00e9tant pire que la maladie montre qu&#39;il sait que cela ne peut pas durer pendant quatre \u00e0 six mois&quot;, a d\u00e9clar\u00e9 Wilson. \u00abVous auriez une panique \u00e0 l&#39;\u00e9tat pur dans les rues, et le pays deviendrait fou. Trump est assez intelligent pour le voir. C&#39;est un homme d&#39;affaires, et il comprend. &quot;<\/p>\n<p>Selon Wilson, il pense que les op\u00e9rations reviendront \u00e0 la normale au moment o\u00f9 le temps chaud arrivera, et le COVID-19 s&#39;\u00e9loigne comme une menace.<\/p>\n<p>Il est pr\u00e9vu de c\u00e9l\u00e9brer le 20e anniversaire qui co\u00efncidera avec le 90e anniversaire de sa m\u00e8re le 14 octobre.<\/p>\n<p>&quot;Nous avons quelque chose de g\u00e9nial ici&quot;, a d\u00e9clar\u00e9 Wilson. &quot;Nous irons bien quand tout red\u00e9marrera.&quot;<\/p>\n<p><span class=\"entry-title\">Temecula Winery r\u00e9duit son personnel et r\u00e9duit ses op\u00e9rations en cas d&#39;urgence li\u00e9e au coronavirus<\/span> Derni\u00e8re modification: <span class=\"updated\"> 25 mars 2020<\/span> par <span class=\"author vcard\"><span class=\"fn\">R\u00e9dacteur collaborateur<\/span><\/span><\/p>\n<p style=\"font-weight:bold;\">&gt;&gt; Vous voulez lire plus d&#39;histoires comme celle-ci? Obtenez nos bulletins quotidiens gratuits ici!<\/p>\n<p>Suivez nous:<\/p>\n<div class=\"synved-social-container synved-social-container-follow\" style=\"text-align: left\"><a class=\"synved-social-button synved-social-button-follow synved-social-size-24 synved-social-resolution-single synved-social-provider-twitter nolightbox\" data-provider=\"twitter\" target=\"_blank\" rel=\"nofollow noopener noreferrer\" title=\"Follow us on Twitter\" href=\"https:\/\/twitter.com\/MyNewsLA\" style=\"font-size: 0px; width:24px;height:24px;margin:0;margin-bottom:5px;margin-right:5px;\"><img alt=\"Twitter\" title=\"Suivez-nous sur Twitter &quot;class =&quot; synved-share-image synved-social-image synved-social-image-follow &quot;width =&quot; 24 &quot;height =&quot; 24 &quot;style =&quot; display: inline; largeur: 24 px; hauteur: 24 px; marge: 0; rembourrage: 0; fronti\u00e8re: aucune; box-shadow: none; &quot;src =&quot; https:\/\/mynewsla.com\/wp-content\/plugins\/social-media-feather\/synved-social\/image\/social\/regular\/48x48\/twitter.png &quot;\/&gt;<\/a><\/div>\n<\/p><\/div>\n<p><script async src=\"http:\/\/platform.twitter.com\/widgets.js\" charset=\"utf-8\"><\/script><script>(function(d, s, id) {\n  var js, fjs = d.getElementsByTagName(s)(0);\n  if (d.getElementById(id)) return;\n  js = d.createElement(s); js.id = id;\n  js.src = \"http:\/\/connect.facebook.net\/en_US\/all.js#xfbml=1\";\n  fjs.parentNode.insertBefore(js, fjs);\n}(document, 'script', 'facebook-jssdk'));<\/script><\/pre>\n","protected":false},"excerpt":{"rendered":"<div class=\"mh-excerpt\"><p>Partagez cet article: Un \u00e9tablissement vinicole de la vall\u00e9e de Temecula qui \u00e9tait sur le rythme pour une ann\u00e9e record a ferm\u00e9 la plupart des <a class=\"mh-excerpt-more\" href=\"https:\/\/ecobrumi.fr\/?p=5069\" title=\"Temecula Winery r\u00e9duit son personnel et r\u00e9duit ses op\u00e9rations en cas d&#039;urgence li\u00e9e au coronavirus\">[&#8230;]<\/a><\/p>\n<\/div>","protected":false},"author":1,"featured_media":5070,"comment_status":"closed","ping_status":"closed","sticky":false,"template":"","format":"standard","meta":{"footnotes":""},"categories":[1],"tags":[],"class_list":["post-5069","post","type-post","status-publish","format-standard","has-post-thumbnail","hentry","category-non-classe"],"yoast_head":"<!-- This site is optimized with the Yoast SEO plugin v28.3 - https:\/\/yoast.com\/product\/yoast-seo-wordpress\/ -->\n<title>Temecula Winery r\u00e9duit son personnel et r\u00e9duit ses op\u00e9rations en cas d&#039;urgence li\u00e9e au coronavirus - Ecobrumi<\/title>\n<meta name=\"robots\" content=\"index, follow, max-snippet:-1, max-image-preview:large, max-video-preview:-1\" \/>\n<link rel=\"canonical\" href=\"https:\/\/ecobrumi.fr\/?p=5069\" \/>\n<meta property=\"og:locale\" content=\"fr_FR\" \/>\n<meta property=\"og:type\" content=\"article\" \/>\n<meta property=\"og:title\" content=\"Temecula Winery r\u00e9duit son personnel et r\u00e9duit ses op\u00e9rations en cas d&#039;urgence li\u00e9e au coronavirus - Ecobrumi\" \/>\n<meta property=\"og:description\" content=\"Partagez cet article: Un \u00e9tablissement vinicole de la vall\u00e9e de Temecula qui \u00e9tait sur le rythme pour une ann\u00e9e record a ferm\u00e9 la plupart des [...]\" \/>\n<meta property=\"og:url\" content=\"https:\/\/ecobrumi.fr\/?p=5069\" \/>\n<meta property=\"og:site_name\" content=\"Ecobrumi\" \/>\n<meta property=\"article:published_time\" content=\"2020-03-27T00:19:47+00:00\" \/>\n<meta property=\"article:modified_time\" content=\"2020-03-27T00:19:48+00:00\" \/>\n<meta property=\"og:image\" content=\"https:\/\/ecobrumi.fr\/wp-content\/uploads\/2020\/03\/Temecula-Winery-r\u00e9duit-son-personnel-et-r\u00e9duit-ses-op\u00e9rations-en.png\" \/>\n\t<meta property=\"og:image:width\" content=\"583\" \/>\n\t<meta property=\"og:image:height\" content=\"300\" \/>\n\t<meta property=\"og:image:type\" content=\"image\/png\" \/>\n<meta name=\"author\" content=\"Ecobrumi\" \/>\n<meta name=\"twitter:card\" content=\"summary_large_image\" \/>\n<meta name=\"twitter:label1\" content=\"\u00c9crit par\" \/>\n\t<meta name=\"twitter:data1\" content=\"Ecobrumi\" \/>\n\t<meta name=\"twitter:label2\" content=\"Dur\u00e9e de lecture estim\u00e9e\" \/>\n\t<meta name=\"twitter:data2\" content=\"5 minutes\" \/>\n<script type=\"application\/ld+json\" class=\"yoast-schema-graph\">{\"@context\":\"https:\\\/\\\/schema.org\",\"@graph\":[{\"@type\":\"Article\",\"@id\":\"https:\\\/\\\/ecobrumi.fr\\\/?p=5069#article\",\"isPartOf\":{\"@id\":\"https:\\\/\\\/ecobrumi.fr\\\/?p=5069\"},\"author\":{\"name\":\"Ecobrumi\",\"@id\":\"https:\\\/\\\/ecobrumi.fr\\\/#\\\/schema\\\/person\\\/6837dcc528e538cf37ba3880ad30252b\"},\"headline\":\"Temecula Winery r\u00e9duit son personnel et r\u00e9duit ses op\u00e9rations en cas d&#39;urgence li\u00e9e au coronavirus\",\"datePublished\":\"2020-03-27T00:19:47+00:00\",\"dateModified\":\"2020-03-27T00:19:48+00:00\",\"mainEntityOfPage\":{\"@id\":\"https:\\\/\\\/ecobrumi.fr\\\/?p=5069\"},\"wordCount\":983,\"image\":{\"@id\":\"https:\\\/\\\/ecobrumi.fr\\\/?p=5069#primaryimage\"},\"thumbnailUrl\":\"https:\\\/\\\/ecobrumi.fr\\\/wp-content\\\/uploads\\\/2020\\\/03\\\/Temecula-Winery-r\u00e9duit-son-personnel-et-r\u00e9duit-ses-op\u00e9rations-en.png\",\"inLanguage\":\"fr-FR\"},{\"@type\":\"WebPage\",\"@id\":\"https:\\\/\\\/ecobrumi.fr\\\/?p=5069\",\"url\":\"https:\\\/\\\/ecobrumi.fr\\\/?p=5069\",\"name\":\"Temecula Winery r\u00e9duit son personnel et r\u00e9duit ses op\u00e9rations en cas d&#39;urgence li\u00e9e au coronavirus - Ecobrumi\",\"isPartOf\":{\"@id\":\"https:\\\/\\\/ecobrumi.fr\\\/#website\"},\"primaryImageOfPage\":{\"@id\":\"https:\\\/\\\/ecobrumi.fr\\\/?p=5069#primaryimage\"},\"image\":{\"@id\":\"https:\\\/\\\/ecobrumi.fr\\\/?p=5069#primaryimage\"},\"thumbnailUrl\":\"https:\\\/\\\/ecobrumi.fr\\\/wp-content\\\/uploads\\\/2020\\\/03\\\/Temecula-Winery-r\u00e9duit-son-personnel-et-r\u00e9duit-ses-op\u00e9rations-en.png\",\"datePublished\":\"2020-03-27T00:19:47+00:00\",\"dateModified\":\"2020-03-27T00:19:48+00:00\",\"author\":{\"@id\":\"https:\\\/\\\/ecobrumi.fr\\\/#\\\/schema\\\/person\\\/6837dcc528e538cf37ba3880ad30252b\"},\"inLanguage\":\"fr-FR\",\"potentialAction\":[{\"@type\":\"ReadAction\",\"target\":[\"https:\\\/\\\/ecobrumi.fr\\\/?p=5069\"]}]},{\"@type\":\"ImageObject\",\"inLanguage\":\"fr-FR\",\"@id\":\"https:\\\/\\\/ecobrumi.fr\\\/?p=5069#primaryimage\",\"url\":\"https:\\\/\\\/ecobrumi.fr\\\/wp-content\\\/uploads\\\/2020\\\/03\\\/Temecula-Winery-r\u00e9duit-son-personnel-et-r\u00e9duit-ses-op\u00e9rations-en.png\",\"contentUrl\":\"https:\\\/\\\/ecobrumi.fr\\\/wp-content\\\/uploads\\\/2020\\\/03\\\/Temecula-Winery-r\u00e9duit-son-personnel-et-r\u00e9duit-ses-op\u00e9rations-en.png\",\"width\":583,\"height\":300},{\"@type\":\"WebSite\",\"@id\":\"https:\\\/\\\/ecobrumi.fr\\\/#website\",\"url\":\"https:\\\/\\\/ecobrumi.fr\\\/\",\"name\":\"Ecobrumi\",\"description\":\"\",\"potentialAction\":[{\"@type\":\"SearchAction\",\"target\":{\"@type\":\"EntryPoint\",\"urlTemplate\":\"https:\\\/\\\/ecobrumi.fr\\\/?s={search_term_string}\"},\"query-input\":{\"@type\":\"PropertyValueSpecification\",\"valueRequired\":true,\"valueName\":\"search_term_string\"}}],\"inLanguage\":\"fr-FR\"},{\"@type\":\"Person\",\"@id\":\"https:\\\/\\\/ecobrumi.fr\\\/#\\\/schema\\\/person\\\/6837dcc528e538cf37ba3880ad30252b\",\"name\":\"Ecobrumi\",\"image\":{\"@type\":\"ImageObject\",\"inLanguage\":\"fr-FR\",\"@id\":\"https:\\\/\\\/secure.gravatar.com\\\/avatar\\\/c0ec8d6c4e60097aea4eb4371f86a4e2c87ccd706d05afb6224f73522aacf1c5?s=96&d=mm&r=g\",\"url\":\"https:\\\/\\\/secure.gravatar.com\\\/avatar\\\/c0ec8d6c4e60097aea4eb4371f86a4e2c87ccd706d05afb6224f73522aacf1c5?s=96&d=mm&r=g\",\"contentUrl\":\"https:\\\/\\\/secure.gravatar.com\\\/avatar\\\/c0ec8d6c4e60097aea4eb4371f86a4e2c87ccd706d05afb6224f73522aacf1c5?s=96&d=mm&r=g\",\"caption\":\"Ecobrumi\"}}]}<\/script>\n<!-- \/ Yoast SEO plugin. -->","yoast_head_json":{"title":"Temecula Winery r\u00e9duit son personnel et r\u00e9duit ses op\u00e9rations en cas d&#39;urgence li\u00e9e au coronavirus - Ecobrumi","robots":{"index":"index","follow":"follow","max-snippet":"max-snippet:-1","max-image-preview":"max-image-preview:large","max-video-preview":"max-video-preview:-1"},"canonical":"https:\/\/ecobrumi.fr\/?p=5069","og_locale":"fr_FR","og_type":"article","og_title":"Temecula Winery r\u00e9duit son personnel et r\u00e9duit ses op\u00e9rations en cas d&#39;urgence li\u00e9e au coronavirus - Ecobrumi","og_description":"Partagez cet article: Un \u00e9tablissement vinicole de la vall\u00e9e de Temecula qui \u00e9tait sur le rythme pour une ann\u00e9e record a ferm\u00e9 la plupart des [...]","og_url":"https:\/\/ecobrumi.fr\/?p=5069","og_site_name":"Ecobrumi","article_published_time":"2020-03-27T00:19:47+00:00","article_modified_time":"2020-03-27T00:19:48+00:00","og_image":[{"width":583,"height":300,"url":"https:\/\/ecobrumi.fr\/wp-content\/uploads\/2020\/03\/Temecula-Winery-r\u00e9duit-son-personnel-et-r\u00e9duit-ses-op\u00e9rations-en.png","type":"image\/png"}],"author":"Ecobrumi","twitter_card":"summary_large_image","twitter_misc":{"\u00c9crit par":"Ecobrumi","Dur\u00e9e de lecture estim\u00e9e":"5 minutes"},"schema":{"@context":"https:\/\/schema.org","@graph":[{"@type":"Article","@id":"https:\/\/ecobrumi.fr\/?p=5069#article","isPartOf":{"@id":"https:\/\/ecobrumi.fr\/?p=5069"},"author":{"name":"Ecobrumi","@id":"https:\/\/ecobrumi.fr\/#\/schema\/person\/6837dcc528e538cf37ba3880ad30252b"},"headline":"Temecula Winery r\u00e9duit son personnel et r\u00e9duit ses op\u00e9rations en cas d&#39;urgence li\u00e9e au coronavirus","datePublished":"2020-03-27T00:19:47+00:00","dateModified":"2020-03-27T00:19:48+00:00","mainEntityOfPage":{"@id":"https:\/\/ecobrumi.fr\/?p=5069"},"wordCount":983,"image":{"@id":"https:\/\/ecobrumi.fr\/?p=5069#primaryimage"},"thumbnailUrl":"https:\/\/ecobrumi.fr\/wp-content\/uploads\/2020\/03\/Temecula-Winery-r\u00e9duit-son-personnel-et-r\u00e9duit-ses-op\u00e9rations-en.png","inLanguage":"fr-FR"},{"@type":"WebPage","@id":"https:\/\/ecobrumi.fr\/?p=5069","url":"https:\/\/ecobrumi.fr\/?p=5069","name":"Temecula Winery r\u00e9duit son personnel et r\u00e9duit ses op\u00e9rations en cas d&#39;urgence li\u00e9e au coronavirus - Ecobrumi","isPartOf":{"@id":"https:\/\/ecobrumi.fr\/#website"},"primaryImageOfPage":{"@id":"https:\/\/ecobrumi.fr\/?p=5069#primaryimage"},"image":{"@id":"https:\/\/ecobrumi.fr\/?p=5069#primaryimage"},"thumbnailUrl":"https:\/\/ecobrumi.fr\/wp-content\/uploads\/2020\/03\/Temecula-Winery-r\u00e9duit-son-personnel-et-r\u00e9duit-ses-op\u00e9rations-en.png","datePublished":"2020-03-27T00:19:47+00:00","dateModified":"2020-03-27T00:19:48+00:00","author":{"@id":"https:\/\/ecobrumi.fr\/#\/schema\/person\/6837dcc528e538cf37ba3880ad30252b"},"inLanguage":"fr-FR","potentialAction":[{"@type":"ReadAction","target":["https:\/\/ecobrumi.fr\/?p=5069"]}]},{"@type":"ImageObject","inLanguage":"fr-FR","@id":"https:\/\/ecobrumi.fr\/?p=5069#primaryimage","url":"https:\/\/ecobrumi.fr\/wp-content\/uploads\/2020\/03\/Temecula-Winery-r\u00e9duit-son-personnel-et-r\u00e9duit-ses-op\u00e9rations-en.png","contentUrl":"https:\/\/ecobrumi.fr\/wp-content\/uploads\/2020\/03\/Temecula-Winery-r\u00e9duit-son-personnel-et-r\u00e9duit-ses-op\u00e9rations-en.png","width":583,"height":300},{"@type":"WebSite","@id":"https:\/\/ecobrumi.fr\/#website","url":"https:\/\/ecobrumi.fr\/","name":"Ecobrumi","description":"","potentialAction":[{"@type":"SearchAction","target":{"@type":"EntryPoint","urlTemplate":"https:\/\/ecobrumi.fr\/?s={search_term_string}"},"query-input":{"@type":"PropertyValueSpecification","valueRequired":true,"valueName":"search_term_string"}}],"inLanguage":"fr-FR"},{"@type":"Person","@id":"https:\/\/ecobrumi.fr\/#\/schema\/person\/6837dcc528e538cf37ba3880ad30252b","name":"Ecobrumi","image":{"@type":"ImageObject","inLanguage":"fr-FR","@id":"https:\/\/secure.gravatar.com\/avatar\/c0ec8d6c4e60097aea4eb4371f86a4e2c87ccd706d05afb6224f73522aacf1c5?s=96&d=mm&r=g","url":"https:\/\/secure.gravatar.com\/avatar\/c0ec8d6c4e60097aea4eb4371f86a4e2c87ccd706d05afb6224f73522aacf1c5?s=96&d=mm&r=g","contentUrl":"https:\/\/secure.gravatar.com\/avatar\/c0ec8d6c4e60097aea4eb4371f86a4e2c87ccd706d05afb6224f73522aacf1c5?s=96&d=mm&r=g","caption":"Ecobrumi"}}]}},"_links":{"self":[{"href":"https:\/\/ecobrumi.fr\/index.php?rest_route=\/wp\/v2\/posts\/5069","targetHints":{"allow":["GET"]}}],"collection":[{"href":"https:\/\/ecobrumi.fr\/index.php?rest_route=\/wp\/v2\/posts"}],"about":[{"href":"https:\/\/ecobrumi.fr\/index.php?rest_route=\/wp\/v2\/types\/post"}],"author":[{"embeddable":true,"href":"https:\/\/ecobrumi.fr\/index.php?rest_route=\/wp\/v2\/users\/1"}],"replies":[{"embeddable":true,"href":"https:\/\/ecobrumi.fr\/index.php?rest_route=%2Fwp%2Fv2%2Fcomments&post=5069"}],"version-history":[{"count":1,"href":"https:\/\/ecobrumi.fr\/index.php?rest_route=\/wp\/v2\/posts\/5069\/revisions"}],"predecessor-version":[{"id":5071,"href":"https:\/\/ecobrumi.fr\/index.php?rest_route=\/wp\/v2\/posts\/5069\/revisions\/5071"}],"wp:featuredmedia":[{"embeddable":true,"href":"https:\/\/ecobrumi.fr\/index.php?rest_route=\/wp\/v2\/media\/5070"}],"wp:attachment":[{"href":"https:\/\/ecobrumi.fr\/index.php?rest_route=%2Fwp%2Fv2%2Fmedia&parent=5069"}],"wp:term":[{"taxonomy":"category","embeddable":true,"href":"https:\/\/ecobrumi.fr\/index.php?rest_route=%2Fwp%2Fv2%2Fcategories&post=5069"},{"taxonomy":"post_tag","embeddable":true,"href":"https:\/\/ecobrumi.fr\/index.php?rest_route=%2Fwp%2Fv2%2Ftags&post=5069"}],"curies":[{"name":"wp","href":"https:\/\/api.w.org\/{rel}","templated":true}]}}