{"id":5130,"date":"2020-04-02T21:08:43","date_gmt":"2020-04-02T19:08:43","guid":{"rendered":"https:\/\/ecobrumi.fr\/?p=5130"},"modified":"2020-04-02T21:08:43","modified_gmt":"2020-04-02T19:08:43","slug":"mythes-sur-covid-19-et-responsabilite-sociale","status":"publish","type":"post","link":"https:\/\/ecobrumi.fr\/?p=5130","title":{"rendered":"Mythes sur COVID-19 et responsabilit\u00e9 sociale"},"content":{"rendered":"<p><\/p>\n<div>\n<h2>Dans une vid\u00e9o en provenance de Chine, un \u00e9tudiant de doctorat pakistanais, Farhan, a dissip\u00e9 certains mythes sur la maladie, par exemple, elle ne se propage pas par temps chaud, disant qu&#39;elle peut ralentir mais n&#39;annule pas la possibilit\u00e9; deuxi\u00e8mement, le taux de mortalit\u00e9 de 2 \u00e0 2,5% est un mythe qui a \u00e9t\u00e9 r\u00e9alis\u00e9 par la seule Chine avec des efforts et des investissements sans pr\u00e9c\u00e9dent que chaque pays ne peut pas se permettre.<\/h2>\n<p><strong>\u00c9CRIVAIN:<\/strong> Shazia Aziz<\/p>\n<p>Dans une vid\u00e9o en provenance de Chine, un \u00e9tudiant de doctorat pakistanais, Farhan, a dissip\u00e9 certains mythes sur la maladie, par exemple, elle ne se propage pas par temps chaud, disant qu&#39;elle peut ralentir mais n&#39;annule pas la possibilit\u00e9; deuxi\u00e8mement, le taux de mortalit\u00e9 de 2 \u00e0 2,5% est un mythe qui a \u00e9t\u00e9 r\u00e9alis\u00e9 par la seule Chine avec des efforts et des investissements sans pr\u00e9c\u00e9dent que chaque pays ne peut pas se permettre.<\/p>\n<p>La propagation est caus\u00e9e de trois fa\u00e7ons: en contact avec les personnes infect\u00e9es; la personne infect\u00e9e \u00e9ternue ou tousse et une autre personne touche les gouttelettes provoqu\u00e9es par celle pr\u00e9sente sur n&#39;importe quelle surface; les gouttelettes peuvent \u00e9galement rester dans l&#39;air et d&#39;autres peuvent les attraper et \u00eatre infect\u00e9es, d&#39;o\u00f9 la suggestion de bloquer la bouche avec la manche pendant les \u00e9ternuements ou la toux. Dans ce sc\u00e9nario, le port d&#39;un masque est la chose la plus importante.<\/p>\n<p>De plus, se laver les mains \u00e0 plusieurs reprises; boire de l&#39;eau ti\u00e8de ou des boissons fr\u00e9quentes en petites quantit\u00e9s, car une bouche s\u00e8che peut aider le virus \u00e0 cr\u00e9er un habitat dans la gorge; et le plus essentiel est l&#39;\u00e9loignement social. La maison est l&#39;endroit le plus s\u00fbr et la fa\u00e7on dont vous la gardez d\u00e9pend de vous. Il dit en outre que s&#39;il y a 5 personnes dans la maison, une seule personne doit sortir pour l&#39;\u00e9picerie, etc. Et une fois de retour, gardez les v\u00eatements et les chaussures s\u00e9par\u00e9s pour sortir, portez un masque et changez cette robe \u00e0 l&#39;ext\u00e9rieur de la maison, jetez le masque le gaspillant d&#39;une mani\u00e8re qu&#39;il ne peut plus \u00eatre r\u00e9utilis\u00e9, laver les v\u00eatements le plus t\u00f4t possible ou les suspendre au soleil, laisser les chaussures sur la grille; ne rencontrez pas les membres de la famille avant de vous laver et de vous changer; ne touchez pas le bouton de la porte et la porte.<\/p>\n<p>D\u00e9sinfectez votre voiture; ne laissez pas des \u00e9trangers s&#39;asseoir dans votre voiture. Au lieu d&#39;utiliser les transports en commun, marchez jusqu&#39;au magasin ou au lieu de travail. \u00c0 l&#39;ext\u00e9rieur, maintenez une distance de six pieds par rapport aux autres personnes. Briser la cha\u00eene est un must, essayez de ne pas faire partie de la cha\u00eene pour votre sant\u00e9, celle de votre famille et de la soci\u00e9t\u00e9.<\/p>\n<p>Il ajoute que la soci\u00e9t\u00e9 peut jouer le r\u00f4le que n\u2019ont pas les gouvernements. Il faut coop\u00e9rer avec le gouvernement et faire tout ce qu&#39;il peut pour l&#39;emp\u00eacher dans son environnement. Les personnes de 50 ans et plus ou celles qui ont un autre probl\u00e8me doivent d\u00e9j\u00e0 faire tr\u00e8s attention. Les donn\u00e9es du monde entier montrent le nombre de personnes affect\u00e9es atteignant de 100 \u00e0 des milliers dans un court laps de temps. <\/p>\n<p>L&#39;\u00e9pid\u00e9mie de COVID-19 est un probl\u00e8me mondial courant qui requiert une responsabilit\u00e9 sociale de la part des individus, du personnel des m\u00e9dias, des institutions, des \u00c9tats et des hommes d&#39;\u00c9tat. En fait, toute personne dont les actions peuvent avoir un impact sur la soci\u00e9t\u00e9 a une obligation. La responsabilit\u00e9 sociale oblige les entit\u00e9s \u00e0 agir pour le bien et le bien-\u00eatre de la soci\u00e9t\u00e9 ou de la communaut\u00e9 dans son ensemble. Il vise \u00e0 assurer la s\u00e9curit\u00e9 des soins de sant\u00e9 pour la population et \u00e0 \u00e9liminer tous les obstacles sur le chemin de sa r\u00e9alisation.<\/p>\n<p>La responsabilit\u00e9 sociale peut prendre deux formes: active et passive. Une personne activement responsable ex\u00e9cute des activit\u00e9s qui font directement avancer les objectifs sociaux et une personne passivement responsable \u00e9vite de se livrer \u00e0 des actes socialement nuisibles. Elle doit \u00e9galement \u00eatre interg\u00e9n\u00e9rationnelle car les actions d\u2019une g\u00e9n\u00e9ration ont des cons\u00e9quences sur la ou les g\u00e9n\u00e9rations suivantes.<\/p>\n<p>Le premier et principal devoir de tous les individus est envers eux-m\u00eames et les membres de leur famille, leur aide domestique et leurs voisins, car c&#39;est \u00e9galement une \u00e9tape vers le bien-\u00eatre commun de la soci\u00e9t\u00e9 \u00e0 son tour en ces temps de pand\u00e9mie. Comme le monde est toujours aux prises avec le d\u00e9veloppement d&#39;un vaccin et la d\u00e9couverte d&#39;un traitement pour la maladie qui n&#39;est pas encore connu, la pr\u00e9vention est la strat\u00e9gie la plus recommand\u00e9e pour lutter contre la situation.<\/p>\n<p>En plus d\u2019agir sur ces strat\u00e9gies, il faut sensibiliser les personnes \u00e0 charge, l\u2019aide domestique et les voisins pour le bien commun. Il est pr\u00e9f\u00e9rable de d\u00e9charger les aides domestiques, les chauffeurs, les jardiniers, etc. de leurs devoirs pay\u00e9s afin qu&#39;ils puissent \u00e9galement agir sur l&#39;\u00e9loignement social sans avoir \u00e0 se soucier de sortir pour gagner leur vie. Cela aidera \u00e0 prot\u00e9ger au moins deux familles en limitant les contacts. Ceux qui peuvent se permettre doivent chercher une famille pauvre \u00e0 proximit\u00e9 ou un salari\u00e9 dont la vie est susceptible de souffrir en raison de la distanciation sociale, et les aider avec les articles d&#39;utilit\u00e9 n\u00e9cessaires et l&#39;argent qui peut durer pendant au moins 3-4 semaines .<\/p>\n<p>Les patients confirm\u00e9s doivent \u00eatre extr\u00eamement prudents non seulement pour eux-m\u00eames mais aussi pour leur environnement, car CVID-19 se multiplie tr\u00e8s rapidement, un porteur affectant en moyenne 2,6 personnes selon les experts chinois.<\/p>\n<p style=\"margin-top:0px;\">    Le patient n \u00b0 31 en Cor\u00e9e est un exemple connu de tous dont la n\u00e9gligence a provoqu\u00e9 des milliers de cas d\u00e9clar\u00e9s positifs. Malheureusement, le Pakistan conna\u00eet d\u00e9j\u00e0 de tels cas de n\u00e9gligence dans diff\u00e9rentes villes. Au moment o\u00f9 l&#39;on est d\u00e9tect\u00e9 positif, il faut aller dans un isolement complet car en cela r\u00e9side sa propre s\u00e9curit\u00e9 et celle de ceux qui l&#39;entourent. Cette prise de conscience n\u00e9cessite un appui constant de la part des personnes ayant voix au chapitre dans les m\u00e9dias grand public et les m\u00e9dias sociaux, les ONG, les \u00e9ducateurs, les m\u00e9decins et les politiciens.<\/p>\n<p>La diffusion de la bonne forme d&#39;information aupr\u00e8s du grand public et des personnes sans instruction est la responsabilit\u00e9 de tous ceux qui ont acc\u00e8s aux ressources de connaissances authentiques et aux moyens de les transmettre. Par exemple, les m\u00e9dias grand public peuvent consacrer une heure \u00e0 certains programmes de sensibilisation dans lesquels ils diffusent des interviews de des m\u00e9decins, des professionnels de la sant\u00e9 et des scientifiques qui peuvent informer le public de toutes sortes de mesures pr\u00e9ventives dans une langue facile \u00e0 comprendre et \u00e9galement dans les langues autochtones, car environ 70% de notre population n&#39;est pas alphab\u00e9tis\u00e9e.<\/p>\n<p>Les ONG peuvent se pr\u00e9senter pour d\u00e9velopper un contenu \u00e0 diffuser aupr\u00e8s de ceux qui n&#39;ont aucun acc\u00e8s aux m\u00e9dias \u00e9lectroniques de quelque nature que ce soit. PEMRA peut \u00e9galement rendre obligatoire pour toutes les cha\u00eenes priv\u00e9es la diffusion d&#39;informations authentiques li\u00e9es aux strat\u00e9gies de pr\u00e9vention.<\/p>\n<p>Il est surprenant que certaines \u00e9missions quotidiennes du matin sur de nombreuses cha\u00eenes n&#39;aient pas chang\u00e9 un peu leur contenu et parlent des m\u00eames conseils de maquillage, habillage, style, mode, etc. et ne pensent pas \u00e0 consacrer quelques minutes de leur temps d&#39;antenne d&#39;avoir un bref entretien avec un m\u00e9decin ou un expert. Cela peut \u00eatre une bonne source de sensibilisation pour les femmes au foyer dont la journ\u00e9e commence avec ces \u00e9missions et qui n&#39;ont pas le temps de lire le journal ou de regarder la t\u00e9l\u00e9vision \u00e0 d&#39;autres moments de la journ\u00e9e. Ces femmes au foyer peuvent \u00e0 leur tour changer le style de vie de leurs familles et de leurs enfants d&#39;une mani\u00e8re plus saine. De plus, ces \u00e9missions du matin r\u00e9unissent des personnes d&#39;horizons diff\u00e9rents qui se r\u00e9unissent pendant au moins 2-3 heures pour les \u00e9missions, ce qui est \u00e9galement contraire \u00e0 la strat\u00e9gie de protection de l&#39;auto-isolement et de la distanciation sociale.<\/p>\n<p>Les m\u00e9decins peuvent enregistrer des notes vocales dans les langues autochtones pour diffusion via WhatsApp. Les journaux peuvent consacrer un petit coin pour des messages de service public faciles \u00e0 comprendre sur le sujet. Les entreprises doivent conserver des masques et des m\u00e9dicaments au lieu de les stocker pour en faire plus tard.<\/p>\n<p>Les gouvernements doivent surveiller attentivement pour emp\u00eacher la propagation de toute information trompeuse. Les utilisateurs de m\u00e9dias sociaux doivent \u00e9viter de diffuser des informations non authentiques, des m\u00e8mes non s\u00e9rieux et des choses non pertinentes. Au lieu de cela, ils peuvent \u00e9galement utiliser cet outil pour diffuser la sensibilisation.<\/p>\n<p>Les enseignants et les \u00e9ducateurs qui enseignent \u00e0 domicile doivent sensibiliser leurs \u00e9l\u00e8ves. \u00c0 ce jour, trois cas individuels et plus d&#39;une centaine fuyant la quarantaine de Sukhar, dans un \u00e9tat d&#39;hyst\u00e9rie et de parano\u00efa de masse ou par n\u00e9gligence, ont \u00e9t\u00e9 en circulation. Un des cas arrivant d&#39;Espagne a soudoy\u00e9 le personnel de l&#39;a\u00e9roport et s&#39;est enfui, ce qui a \u00e9galement affect\u00e9 les membres de sa famille; une dame de DHA Lahore est connue pour avoir profit\u00e9 de f\u00eates et de rassemblements bien qu&#39;elle ait \u00e9t\u00e9 d\u00e9clar\u00e9e cas positif.<\/p>\n<p>Il faut peut-\u00eatre faire comprendre clairement au public que le fait de rester en quarantaine ne signifie pas une mort certaine, mais c&#39;est d&#39;assurer des soins de sant\u00e9 appropri\u00e9s et d&#39;\u00e9viter la propagation de la maladie. Cette hyst\u00e9rie semble \u00eatre due au fait que le nombre de d\u00e9c\u00e8s caus\u00e9s par la maladie dans le monde est plus en circulation et que le nombre de cas r\u00e9cup\u00e9r\u00e9s n&#39;est pas signal\u00e9 aussi largement. La sensibilisation \u00e0 tous ces faits et au but de maintenir quelqu&#39;un en quarantaine doit \u00eatre largement diffus\u00e9e parmi les masses dans les langues autochtones. Le gouvernement doit garantir au public qu&#39;une fois en quarantaine, un patient sera bien pris en charge, afin que les cas de fugitifs soient r\u00e9duits au plus t\u00f4t.<\/p>\n<p>Tirer les le\u00e7ons de la r\u00e9ussite de la Chine dans la lutte contre la maladie en quelques semaines, un verrouillage complet et briser le cycle par une intervention humaine est un must depuis que le Pakistan est entr\u00e9 dans la phase 3, le nombre passant de 1 \u00e0 environ 700 en 4 \u00e0 5 semaines, ce qui peut se multiplier \u00e0 des milliers (\u00e0 Dieu ne plaise) si la prudence imm\u00e9diate n&#39;est pas pratiqu\u00e9e. <\/p>\n<p><strong>L&#39;auteur est professeur adjoint \u00e0 l&#39;Universit\u00e9 COMSATS Islamabad, campus de Lahore et peut \u00eatre contact\u00e9 \u00e0 shazia.aziz@ymail.com<\/strong><\/p>\n<\/p><\/div>\n<p><script>(function(d, s, id) { \n\t  var js, fjs = d.getElementsByTagName(s)(0); \n\t  if (d.getElementById(id)) return; \n\t  js = d.createElement(s); \n\t  js.id = id; js.src = 'https:\/\/connect.facebook.net\/en_GB\/sdk.js#xfbml=1&version=v2.11&appId=425749780794755&autoLogAppEvents=1'; \n\t  fjs.parentNode.insertBefore(js, fjs); \n\t  }(document, 'script', 'facebook-jssdk'));<\/script><\/pre>\n","protected":false},"excerpt":{"rendered":"<div class=\"mh-excerpt\"><p>Dans une vid\u00e9o en provenance de Chine, un \u00e9tudiant de doctorat pakistanais, Farhan, a dissip\u00e9 certains mythes sur la maladie, par exemple, elle ne se <a class=\"mh-excerpt-more\" href=\"https:\/\/ecobrumi.fr\/?p=5130\" title=\"Mythes sur COVID-19 et responsabilit\u00e9 sociale\">[&#8230;]<\/a><\/p>\n<\/div>","protected":false},"author":1,"featured_media":5131,"comment_status":"closed","ping_status":"closed","sticky":false,"template":"","format":"standard","meta":{"footnotes":""},"categories":[1],"tags":[],"class_list":["post-5130","post","type-post","status-publish","format-standard","has-post-thumbnail","hentry","category-non-classe"],"yoast_head":"<!-- This site is optimized with the Yoast SEO plugin v28.3 - https:\/\/yoast.com\/product\/yoast-seo-wordpress\/ -->\n<title>Mythes sur COVID-19 et responsabilit\u00e9 sociale - Ecobrumi<\/title>\n<meta name=\"robots\" content=\"index, follow, max-snippet:-1, max-image-preview:large, max-video-preview:-1\" \/>\n<link rel=\"canonical\" href=\"https:\/\/ecobrumi.fr\/?p=5130\" \/>\n<meta property=\"og:locale\" content=\"fr_FR\" \/>\n<meta property=\"og:type\" content=\"article\" \/>\n<meta property=\"og:title\" content=\"Mythes sur COVID-19 et responsabilit\u00e9 sociale - Ecobrumi\" \/>\n<meta property=\"og:description\" content=\"Dans une vid\u00e9o en provenance de Chine, un \u00e9tudiant de doctorat pakistanais, Farhan, a dissip\u00e9 certains mythes sur la maladie, par exemple, elle ne se [...]\" \/>\n<meta property=\"og:url\" content=\"https:\/\/ecobrumi.fr\/?p=5130\" \/>\n<meta property=\"og:site_name\" content=\"Ecobrumi\" \/>\n<meta property=\"article:published_time\" content=\"2020-04-02T19:08:43+00:00\" \/>\n<meta property=\"og:image\" content=\"https:\/\/ecobrumi.fr\/wp-content\/uploads\/2020\/04\/Mythes-sur-COVID-19-et-responsabilit\u00e9-sociale.jpg\" \/>\n\t<meta property=\"og:image:width\" content=\"730\" \/>\n\t<meta property=\"og:image:height\" content=\"337\" \/>\n\t<meta property=\"og:image:type\" content=\"image\/jpeg\" \/>\n<meta name=\"author\" content=\"Ecobrumi\" \/>\n<meta name=\"twitter:card\" content=\"summary_large_image\" \/>\n<meta name=\"twitter:label1\" content=\"\u00c9crit par\" \/>\n\t<meta name=\"twitter:data1\" content=\"Ecobrumi\" \/>\n\t<meta name=\"twitter:label2\" content=\"Dur\u00e9e de lecture estim\u00e9e\" \/>\n\t<meta name=\"twitter:data2\" content=\"10 minutes\" \/>\n<script type=\"application\/ld+json\" class=\"yoast-schema-graph\">{\"@context\":\"https:\\\/\\\/schema.org\",\"@graph\":[{\"@type\":\"Article\",\"@id\":\"https:\\\/\\\/ecobrumi.fr\\\/?p=5130#article\",\"isPartOf\":{\"@id\":\"https:\\\/\\\/ecobrumi.fr\\\/?p=5130\"},\"author\":{\"name\":\"Ecobrumi\",\"@id\":\"https:\\\/\\\/ecobrumi.fr\\\/#\\\/schema\\\/person\\\/6837dcc528e538cf37ba3880ad30252b\"},\"headline\":\"Mythes sur COVID-19 et responsabilit\u00e9 sociale\",\"datePublished\":\"2020-04-02T19:08:43+00:00\",\"mainEntityOfPage\":{\"@id\":\"https:\\\/\\\/ecobrumi.fr\\\/?p=5130\"},\"wordCount\":1913,\"image\":{\"@id\":\"https:\\\/\\\/ecobrumi.fr\\\/?p=5130#primaryimage\"},\"thumbnailUrl\":\"https:\\\/\\\/ecobrumi.fr\\\/wp-content\\\/uploads\\\/2020\\\/04\\\/Mythes-sur-COVID-19-et-responsabilit\u00e9-sociale.jpg\",\"inLanguage\":\"fr-FR\"},{\"@type\":\"WebPage\",\"@id\":\"https:\\\/\\\/ecobrumi.fr\\\/?p=5130\",\"url\":\"https:\\\/\\\/ecobrumi.fr\\\/?p=5130\",\"name\":\"Mythes sur COVID-19 et responsabilit\u00e9 sociale - Ecobrumi\",\"isPartOf\":{\"@id\":\"https:\\\/\\\/ecobrumi.fr\\\/#website\"},\"primaryImageOfPage\":{\"@id\":\"https:\\\/\\\/ecobrumi.fr\\\/?p=5130#primaryimage\"},\"image\":{\"@id\":\"https:\\\/\\\/ecobrumi.fr\\\/?p=5130#primaryimage\"},\"thumbnailUrl\":\"https:\\\/\\\/ecobrumi.fr\\\/wp-content\\\/uploads\\\/2020\\\/04\\\/Mythes-sur-COVID-19-et-responsabilit\u00e9-sociale.jpg\",\"datePublished\":\"2020-04-02T19:08:43+00:00\",\"author\":{\"@id\":\"https:\\\/\\\/ecobrumi.fr\\\/#\\\/schema\\\/person\\\/6837dcc528e538cf37ba3880ad30252b\"},\"inLanguage\":\"fr-FR\",\"potentialAction\":[{\"@type\":\"ReadAction\",\"target\":[\"https:\\\/\\\/ecobrumi.fr\\\/?p=5130\"]}]},{\"@type\":\"ImageObject\",\"inLanguage\":\"fr-FR\",\"@id\":\"https:\\\/\\\/ecobrumi.fr\\\/?p=5130#primaryimage\",\"url\":\"https:\\\/\\\/ecobrumi.fr\\\/wp-content\\\/uploads\\\/2020\\\/04\\\/Mythes-sur-COVID-19-et-responsabilit\u00e9-sociale.jpg\",\"contentUrl\":\"https:\\\/\\\/ecobrumi.fr\\\/wp-content\\\/uploads\\\/2020\\\/04\\\/Mythes-sur-COVID-19-et-responsabilit\u00e9-sociale.jpg\",\"width\":730,\"height\":337},{\"@type\":\"WebSite\",\"@id\":\"https:\\\/\\\/ecobrumi.fr\\\/#website\",\"url\":\"https:\\\/\\\/ecobrumi.fr\\\/\",\"name\":\"Ecobrumi\",\"description\":\"\",\"potentialAction\":[{\"@type\":\"SearchAction\",\"target\":{\"@type\":\"EntryPoint\",\"urlTemplate\":\"https:\\\/\\\/ecobrumi.fr\\\/?s={search_term_string}\"},\"query-input\":{\"@type\":\"PropertyValueSpecification\",\"valueRequired\":true,\"valueName\":\"search_term_string\"}}],\"inLanguage\":\"fr-FR\"},{\"@type\":\"Person\",\"@id\":\"https:\\\/\\\/ecobrumi.fr\\\/#\\\/schema\\\/person\\\/6837dcc528e538cf37ba3880ad30252b\",\"name\":\"Ecobrumi\",\"image\":{\"@type\":\"ImageObject\",\"inLanguage\":\"fr-FR\",\"@id\":\"https:\\\/\\\/secure.gravatar.com\\\/avatar\\\/c0ec8d6c4e60097aea4eb4371f86a4e2c87ccd706d05afb6224f73522aacf1c5?s=96&d=mm&r=g\",\"url\":\"https:\\\/\\\/secure.gravatar.com\\\/avatar\\\/c0ec8d6c4e60097aea4eb4371f86a4e2c87ccd706d05afb6224f73522aacf1c5?s=96&d=mm&r=g\",\"contentUrl\":\"https:\\\/\\\/secure.gravatar.com\\\/avatar\\\/c0ec8d6c4e60097aea4eb4371f86a4e2c87ccd706d05afb6224f73522aacf1c5?s=96&d=mm&r=g\",\"caption\":\"Ecobrumi\"}}]}<\/script>\n<!-- \/ Yoast SEO plugin. -->","yoast_head_json":{"title":"Mythes sur COVID-19 et responsabilit\u00e9 sociale - Ecobrumi","robots":{"index":"index","follow":"follow","max-snippet":"max-snippet:-1","max-image-preview":"max-image-preview:large","max-video-preview":"max-video-preview:-1"},"canonical":"https:\/\/ecobrumi.fr\/?p=5130","og_locale":"fr_FR","og_type":"article","og_title":"Mythes sur COVID-19 et responsabilit\u00e9 sociale - Ecobrumi","og_description":"Dans une vid\u00e9o en provenance de Chine, un \u00e9tudiant de doctorat pakistanais, Farhan, a dissip\u00e9 certains mythes sur la maladie, par exemple, elle ne se [...]","og_url":"https:\/\/ecobrumi.fr\/?p=5130","og_site_name":"Ecobrumi","article_published_time":"2020-04-02T19:08:43+00:00","og_image":[{"width":730,"height":337,"url":"https:\/\/ecobrumi.fr\/wp-content\/uploads\/2020\/04\/Mythes-sur-COVID-19-et-responsabilit\u00e9-sociale.jpg","type":"image\/jpeg"}],"author":"Ecobrumi","twitter_card":"summary_large_image","twitter_misc":{"\u00c9crit par":"Ecobrumi","Dur\u00e9e de lecture estim\u00e9e":"10 minutes"},"schema":{"@context":"https:\/\/schema.org","@graph":[{"@type":"Article","@id":"https:\/\/ecobrumi.fr\/?p=5130#article","isPartOf":{"@id":"https:\/\/ecobrumi.fr\/?p=5130"},"author":{"name":"Ecobrumi","@id":"https:\/\/ecobrumi.fr\/#\/schema\/person\/6837dcc528e538cf37ba3880ad30252b"},"headline":"Mythes sur COVID-19 et responsabilit\u00e9 sociale","datePublished":"2020-04-02T19:08:43+00:00","mainEntityOfPage":{"@id":"https:\/\/ecobrumi.fr\/?p=5130"},"wordCount":1913,"image":{"@id":"https:\/\/ecobrumi.fr\/?p=5130#primaryimage"},"thumbnailUrl":"https:\/\/ecobrumi.fr\/wp-content\/uploads\/2020\/04\/Mythes-sur-COVID-19-et-responsabilit\u00e9-sociale.jpg","inLanguage":"fr-FR"},{"@type":"WebPage","@id":"https:\/\/ecobrumi.fr\/?p=5130","url":"https:\/\/ecobrumi.fr\/?p=5130","name":"Mythes sur COVID-19 et responsabilit\u00e9 sociale - Ecobrumi","isPartOf":{"@id":"https:\/\/ecobrumi.fr\/#website"},"primaryImageOfPage":{"@id":"https:\/\/ecobrumi.fr\/?p=5130#primaryimage"},"image":{"@id":"https:\/\/ecobrumi.fr\/?p=5130#primaryimage"},"thumbnailUrl":"https:\/\/ecobrumi.fr\/wp-content\/uploads\/2020\/04\/Mythes-sur-COVID-19-et-responsabilit\u00e9-sociale.jpg","datePublished":"2020-04-02T19:08:43+00:00","author":{"@id":"https:\/\/ecobrumi.fr\/#\/schema\/person\/6837dcc528e538cf37ba3880ad30252b"},"inLanguage":"fr-FR","potentialAction":[{"@type":"ReadAction","target":["https:\/\/ecobrumi.fr\/?p=5130"]}]},{"@type":"ImageObject","inLanguage":"fr-FR","@id":"https:\/\/ecobrumi.fr\/?p=5130#primaryimage","url":"https:\/\/ecobrumi.fr\/wp-content\/uploads\/2020\/04\/Mythes-sur-COVID-19-et-responsabilit\u00e9-sociale.jpg","contentUrl":"https:\/\/ecobrumi.fr\/wp-content\/uploads\/2020\/04\/Mythes-sur-COVID-19-et-responsabilit\u00e9-sociale.jpg","width":730,"height":337},{"@type":"WebSite","@id":"https:\/\/ecobrumi.fr\/#website","url":"https:\/\/ecobrumi.fr\/","name":"Ecobrumi","description":"","potentialAction":[{"@type":"SearchAction","target":{"@type":"EntryPoint","urlTemplate":"https:\/\/ecobrumi.fr\/?s={search_term_string}"},"query-input":{"@type":"PropertyValueSpecification","valueRequired":true,"valueName":"search_term_string"}}],"inLanguage":"fr-FR"},{"@type":"Person","@id":"https:\/\/ecobrumi.fr\/#\/schema\/person\/6837dcc528e538cf37ba3880ad30252b","name":"Ecobrumi","image":{"@type":"ImageObject","inLanguage":"fr-FR","@id":"https:\/\/secure.gravatar.com\/avatar\/c0ec8d6c4e60097aea4eb4371f86a4e2c87ccd706d05afb6224f73522aacf1c5?s=96&d=mm&r=g","url":"https:\/\/secure.gravatar.com\/avatar\/c0ec8d6c4e60097aea4eb4371f86a4e2c87ccd706d05afb6224f73522aacf1c5?s=96&d=mm&r=g","contentUrl":"https:\/\/secure.gravatar.com\/avatar\/c0ec8d6c4e60097aea4eb4371f86a4e2c87ccd706d05afb6224f73522aacf1c5?s=96&d=mm&r=g","caption":"Ecobrumi"}}]}},"_links":{"self":[{"href":"https:\/\/ecobrumi.fr\/index.php?rest_route=\/wp\/v2\/posts\/5130","targetHints":{"allow":["GET"]}}],"collection":[{"href":"https:\/\/ecobrumi.fr\/index.php?rest_route=\/wp\/v2\/posts"}],"about":[{"href":"https:\/\/ecobrumi.fr\/index.php?rest_route=\/wp\/v2\/types\/post"}],"author":[{"embeddable":true,"href":"https:\/\/ecobrumi.fr\/index.php?rest_route=\/wp\/v2\/users\/1"}],"replies":[{"embeddable":true,"href":"https:\/\/ecobrumi.fr\/index.php?rest_route=%2Fwp%2Fv2%2Fcomments&post=5130"}],"version-history":[{"count":1,"href":"https:\/\/ecobrumi.fr\/index.php?rest_route=\/wp\/v2\/posts\/5130\/revisions"}],"predecessor-version":[{"id":5132,"href":"https:\/\/ecobrumi.fr\/index.php?rest_route=\/wp\/v2\/posts\/5130\/revisions\/5132"}],"wp:featuredmedia":[{"embeddable":true,"href":"https:\/\/ecobrumi.fr\/index.php?rest_route=\/wp\/v2\/media\/5131"}],"wp:attachment":[{"href":"https:\/\/ecobrumi.fr\/index.php?rest_route=%2Fwp%2Fv2%2Fmedia&parent=5130"}],"wp:term":[{"taxonomy":"category","embeddable":true,"href":"https:\/\/ecobrumi.fr\/index.php?rest_route=%2Fwp%2Fv2%2Fcategories&post=5130"},{"taxonomy":"post_tag","embeddable":true,"href":"https:\/\/ecobrumi.fr\/index.php?rest_route=%2Fwp%2Fv2%2Ftags&post=5130"}],"curies":[{"name":"wp","href":"https:\/\/api.w.org\/{rel}","templated":true}]}}